{"id":21098,"date":"2022-05-20T14:10:00","date_gmt":"2022-05-20T12:10:00","guid":{"rendered":"https:\/\/christusnews.de\/site\/brahms-evangelische-friedensethik-steht-nicht-vor-scherbenhaufen\/"},"modified":"2022-05-23T23:17:28","modified_gmt":"2022-05-23T21:17:28","slug":"brahms-evangelische-friedensethik-steht-nicht-vor-scherbenhaufen","status":"publish","type":"post","link":"https:\/\/christusnews.de\/site\/brahms-evangelische-friedensethik-steht-nicht-vor-scherbenhaufen\/","title":{"rendered":"Brahms: Evangelische Friedensethik steht nicht vor Scherbenhaufen"},"content":{"rendered":"<p class=\"MsoPlainText\">Speyer\/Bremen (epd). Die evangelische Friedensethik steht angesichts des Krieges in der Ukraine nach Ansicht des ehemaligen Friedensbeauftragten der Evangelischen Kirche in Deutschland (EKD), Renke Brahms, nicht vor einem Scherbenhaufen. Das Leitbild eines gerechten Friedens, der auf Gewaltfreiheit, internationales Recht und weltweite Gerechtigkeit setze, sei immer noch tragf\u00e4hig, sagte Brahms am Freitag in Speyer. Der Grundsatz, dass milit\u00e4rische Gewalt keinen Frieden bringe, gelte weiterhin.<\/p>\n<p class=\"MsoPlainText\">&nbsp;<\/p>\n<p class=\"MsoPlainText\">In der evangelischen Kirche gebe es zwei Positionen zu kriegerischen Auseinandersetzungen, sagte der ehemalige Schriftf\u00fchrer der Bremischen Evangelischen Kirche. Die Bef\u00fcrworter rechtserhaltender Gewalt setzten sich f\u00fcr die Lieferung von Waffen in die Ukraine ein. Auf der anderen Seite st\u00fcnden die Vertreter einer prinzipiellen Gewaltfreiheit. Beide Positionen h\u00e4tten ihre Berechtigung, m\u00fcssten allerdings in der Diskussion ihre jeweiligen Dilemmata offenlegen.<\/p>\n<p class=\"MsoPlainText\">&nbsp;<\/p>\n<p class=\"MsoPlainText\">Wenn Waffen geliefert w\u00fcrden, bestehe immer die Gefahr einer Eskalation, und die Zahl der Toten steige, sagte Brahms. Prinzipielle Gewaltfreiheit h\u00e4tte zur Folge, dass sich die Ukraine unterwerfen m\u00fcsse und zumindest vor\u00fcbergehend unter das Diktat Russlands gerate.&nbsp;Beide Wege k\u00f6nnten gelingen, aber auch scheitern.<\/p>\n<p>Kirche-Oldenburg<br \/>\n<a href=\"https:\/\/www.kirche-oldenburg.de\/\/aktuell\/news-niedersachsen\/artikel\/brahms-evangelische-friedensethik-steht-nicht-vor-scherbenhaufen\" target=\"_blank\" rel=\"noopener\">Brahms: Evangelische Friedensethik steht nicht vor Scherbenhaufen<\/a><\/p>\n","protected":false},"excerpt":{"rendered":"<p>Speyer\/Bremen (epd). Die evangelische Friedensethik steht angesichts des Krieges in der Ukraine nach Ansicht des ehemaligen Friedensbeauftragten der Evangelischen Kirche in Deutschland (EKD), Renke Brahms, nicht vor einem Scherbenhaufen. Das Leitbild eines gerechten Friedens, der auf Gewaltfreiheit, internationales Recht und weltweite Gerechtigkeit setze, sei immer noch tragf\u00e4hig, sagte Brahms am Freitag in Speyer. Der Grundsatz, dass milit\u00e4rische Gewalt keinen Frieden bringe, gelte weiterhin. &nbsp; In der evangelischen Kirche gebe es zwei Positionen zu kriegerischen Auseinandersetzungen, sagte der ehemalige Schriftf\u00fchrer der Bremischen Evangelischen Kirche. Die Bef\u00fcrworter rechtserhaltender Gewalt setzten sich f\u00fcr die Lieferung von Waffen in die Ukraine ein. Auf der&#8230;<\/p>\n","protected":false},"author":7,"featured_media":0,"comment_status":"false","ping_status":"open","sticky":false,"template":"","format":"standard","meta":{"footnotes":""},"categories":[43],"tags":[44],"class_list":["post-21098","post","type-post","status-publish","format-standard","hentry","category-kirche-oldenburg","tag-kirche-oldenburg"],"_links":{"self":[{"href":"https:\/\/christusnews.de\/site\/wp-json\/wp\/v2\/posts\/21098","targetHints":{"allow":["GET"]}}],"collection":[{"href":"https:\/\/christusnews.de\/site\/wp-json\/wp\/v2\/posts"}],"about":[{"href":"https:\/\/christusnews.de\/site\/wp-json\/wp\/v2\/types\/post"}],"author":[{"embeddable":true,"href":"https:\/\/christusnews.de\/site\/wp-json\/wp\/v2\/users\/7"}],"replies":[{"embeddable":true,"href":"https:\/\/christusnews.de\/site\/wp-json\/wp\/v2\/comments?post=21098"}],"version-history":[{"count":1,"href":"https:\/\/christusnews.de\/site\/wp-json\/wp\/v2\/posts\/21098\/revisions"}],"predecessor-version":[{"id":21099,"href":"https:\/\/christusnews.de\/site\/wp-json\/wp\/v2\/posts\/21098\/revisions\/21099"}],"wp:attachment":[{"href":"https:\/\/christusnews.de\/site\/wp-json\/wp\/v2\/media?parent=21098"}],"wp:term":[{"taxonomy":"category","embeddable":true,"href":"https:\/\/christusnews.de\/site\/wp-json\/wp\/v2\/categories?post=21098"},{"taxonomy":"post_tag","embeddable":true,"href":"https:\/\/christusnews.de\/site\/wp-json\/wp\/v2\/tags?post=21098"}],"curies":[{"name":"wp","href":"https:\/\/api.w.org\/{rel}","templated":true}]}}