{"id":21112,"date":"2022-05-24T09:46:00","date_gmt":"2022-05-24T07:46:00","guid":{"rendered":"https:\/\/christusnews.de\/site\/gedenkveranstaltung-erinnert-an-jahrestag-der-grenzschliessung\/"},"modified":"2022-05-25T11:17:41","modified_gmt":"2022-05-25T09:17:41","slug":"gedenkveranstaltung-erinnert-an-jahrestag-der-grenzschliessung","status":"publish","type":"post","link":"https:\/\/christusnews.de\/site\/gedenkveranstaltung-erinnert-an-jahrestag-der-grenzschliessung\/","title":{"rendered":"Gedenkveranstaltung erinnert an Jahrestag der Grenzschlie\u00dfung"},"content":{"rendered":"<p class=\"MsoPlainText\">H\u00f6tensleben\/Marienborn (epd). Mit einer Gedenkveranstaltung am Denkmal H\u00f6tensleben nahe der Grenze zwischen Sachsen-Anhalt und Niedersachsen wollen mehrere Organisationen am Himmelfahrtstag (26. Mai) an den 70. Jahrestag der Schlie\u00dfung der innerdeutschen Grenze erinnern. Bei der Veranstaltung sprechen unter anderem die sachsen-anhaltinische Justizministerin Franziska Weidinger, der nieders\u00e4chsische Wirtschaftsminister Bernd Althusmann (beide CDU) und die Pr\u00e4sidentin des Bundes der in der DDR Zwangsausgesiedelten, Marie-Luise Tr\u00f6bs.<\/p>\n<p class=\"MsoPlainText\">&nbsp;<\/p>\n<p class=\"MsoPlainText\">Sch\u00fclerinnen und Sch\u00fcler aus Sachsen-Anhalt und Niedersachsen stellen der Ank\u00fcndigung zufolge eine Kunstinstallation vor, die sie anl\u00e4sslich des Gedenktages erarbeitet haben. Veranstalter sind die Gedenkst\u00e4tte Deutsche Teilung Marienborn, der Grenzdenkmalverein H\u00f6tensleben und der Verein \u00abGrenzenlos &#8211; Wege zum Nachbarn\u00bb.<\/p>\n<p class=\"MsoPlainText\">&nbsp;<\/p>\n<p class=\"MsoPlainText\">Am 26. Mai 1952 hatte die DDR begonnen, die bis dahin noch durchl\u00e4ssige Grenze zur Bundesrepublik komplett abzuriegeln. Sie errichtete Stacheldrahtz\u00e4une und ordnete die \u00dcberwachung des Grenzgebietes an. Fluchtversuche sollten, wenn n\u00f6tig, mit Gewalt verhindert werden. Zudem wurden vermeintlich \u00abpolitisch unzuverl\u00e4ssige\u00bb Bewohnerinnen und Bewohner aus grenznahen Ortschaften gezwungen, ihr Zuhause verlassen. Bis Ende 1961 wurden etwa 12.000 Personen aus dem Sperrgebiet an der innerdeutschen Grenze in das Landesinnere zwangsausgesiedelt.<\/p>\n<p class=\"MsoPlainText\">&nbsp;<\/p>\n<p class=\"MsoPlainText\">Das Grenzdenkmal H\u00f6tensleben ist ein Denkmal, das an die Zeit der deutschen Teilung erinnert. Es umfasst ein original erhaltenes Teilst\u00fcck der Grenzanlagen der DDR in H\u00f6tensleben in Sachsen-Anhalt und geh\u00f6rt zum Europ\u00e4ischen Kulturerbe.<\/p>\n<p>Kirche-Oldenburg<br \/>\n<a href=\"https:\/\/www.kirche-oldenburg.de\/\/aktuell\/news-niedersachsen\/artikel\/gedenkveranstaltung-erinnert-an-jahrestag-der-grenzschliessung\" target=\"_blank\" rel=\"noopener\">Gedenkveranstaltung erinnert an Jahrestag der Grenzschlie\u00dfung<\/a><\/p>\n","protected":false},"excerpt":{"rendered":"<p>H\u00f6tensleben\/Marienborn (epd). Mit einer Gedenkveranstaltung am Denkmal H\u00f6tensleben nahe der Grenze zwischen Sachsen-Anhalt und Niedersachsen wollen mehrere Organisationen am Himmelfahrtstag (26. Mai) an den 70. Jahrestag der Schlie\u00dfung der innerdeutschen Grenze erinnern. Bei der Veranstaltung sprechen unter anderem die sachsen-anhaltinische Justizministerin Franziska Weidinger, der nieders\u00e4chsische Wirtschaftsminister Bernd Althusmann (beide CDU) und die Pr\u00e4sidentin des Bundes der in der DDR Zwangsausgesiedelten, Marie-Luise Tr\u00f6bs. &nbsp; Sch\u00fclerinnen und Sch\u00fcler aus Sachsen-Anhalt und Niedersachsen stellen der Ank\u00fcndigung zufolge eine Kunstinstallation vor, die sie anl\u00e4sslich des Gedenktages erarbeitet haben. Veranstalter sind die Gedenkst\u00e4tte Deutsche Teilung Marienborn, der Grenzdenkmalverein H\u00f6tensleben und der Verein \u00abGrenzenlos &#8211; Wege&#8230;<\/p>\n","protected":false},"author":7,"featured_media":0,"comment_status":"false","ping_status":"open","sticky":false,"template":"","format":"standard","meta":{"footnotes":""},"categories":[43],"tags":[44],"class_list":["post-21112","post","type-post","status-publish","format-standard","hentry","category-kirche-oldenburg","tag-kirche-oldenburg"],"_links":{"self":[{"href":"https:\/\/christusnews.de\/site\/wp-json\/wp\/v2\/posts\/21112","targetHints":{"allow":["GET"]}}],"collection":[{"href":"https:\/\/christusnews.de\/site\/wp-json\/wp\/v2\/posts"}],"about":[{"href":"https:\/\/christusnews.de\/site\/wp-json\/wp\/v2\/types\/post"}],"author":[{"embeddable":true,"href":"https:\/\/christusnews.de\/site\/wp-json\/wp\/v2\/users\/7"}],"replies":[{"embeddable":true,"href":"https:\/\/christusnews.de\/site\/wp-json\/wp\/v2\/comments?post=21112"}],"version-history":[{"count":1,"href":"https:\/\/christusnews.de\/site\/wp-json\/wp\/v2\/posts\/21112\/revisions"}],"predecessor-version":[{"id":21113,"href":"https:\/\/christusnews.de\/site\/wp-json\/wp\/v2\/posts\/21112\/revisions\/21113"}],"wp:attachment":[{"href":"https:\/\/christusnews.de\/site\/wp-json\/wp\/v2\/media?parent=21112"}],"wp:term":[{"taxonomy":"category","embeddable":true,"href":"https:\/\/christusnews.de\/site\/wp-json\/wp\/v2\/categories?post=21112"},{"taxonomy":"post_tag","embeddable":true,"href":"https:\/\/christusnews.de\/site\/wp-json\/wp\/v2\/tags?post=21112"}],"curies":[{"name":"wp","href":"https:\/\/api.w.org\/{rel}","templated":true}]}}