{"id":21120,"date":"2022-05-27T12:31:09","date_gmt":"2022-05-27T10:31:09","guid":{"rendered":"https:\/\/christusnews.de\/site\/abendklang-mit-michel-theilen-sonntag-29-mai-um-18-uhr-christus-und-garnisonkircheder-naechste-abendklang-in-der-christus-und-garnisonkirche-am-kommenden-sonntag-den-29-mai-um-18-uhr-wird\/"},"modified":"2022-05-27T23:17:37","modified_gmt":"2022-05-27T21:17:37","slug":"abendklang-mit-michel-theilen-sonntag-29-mai-um-18-uhr-christus-und-garnisonkircheder-naechste-abendklang-in-der-christus-und-garnisonkirche-am-kommenden-sonntag-den-29-mai-um-18-uhr-wird","status":"publish","type":"post","link":"https:\/\/christusnews.de\/site\/abendklang-mit-michel-theilen-sonntag-29-mai-um-18-uhr-christus-und-garnisonkircheder-naechste-abendklang-in-der-christus-und-garnisonkirche-am-kommenden-sonntag-den-29-mai-um-18-uhr-wird\/","title":{"rendered":"Abendklang mit Michel Theilen &#8211; Sonntag, 29. Mai um 18 Uhr &#8211; Christus- und Garnisonkirche\n\nDer n\u00e4chste Abendklang in der Christus- und Garnisonkirche am kommenden Sonntag, den 29. Mai um 18 Uhr wird musikalisch gestaltet von dem Singer-Songwriter Michel Theilen.\n\nEr pr\u00e4sentiert am Klavier deutsche Popmusik und dabei ausschlie\u00dflich eigene Songs. Schon fr\u00fch hat Michel Theilen seine Liebe zur Musik entdeckt. Bereits seit fr\u00fchesten Kindertagen begleitet sie ihn. Jedes Wort bekommt eine Note, jeder Satz eine Melodie. Alle Kl\u00e4nge, die dem jungen Musiker im Alltag begegnen, werden so zu etwas Einzigartigem zusammengef\u00fcgt. Die Inspirationen f\u00fcr seine Texte bekommt Michel Theilen meist aus der eigenen Lebensgeschichte. Die Musik ist dabei f\u00fcr ihn wie eine Art Ventil, alles zu sagen, wozu Worte alleine nicht in der Lage w\u00e4ren. \u201eWenn ich auf der B\u00fchne stehe und meine Lieder singe, dann f\u00fchle ich mich frei.\u201c, sagt er. \u201eDie Musik bietet die Freiheit, Dinge auszudr\u00fccken ohne sie aussprechen zu m\u00fcssen, die Freiheit sich selbst zu offenbaren, ohne Angst haben zu m\u00fcssen es k\u00f6nnte falsch verstanden werden.\u201c\n\nMichel Theilen wuchs in C\u00e4ciliengroden direkt hinterm Deich auf. Seine eigene Musik schrieb er quasi direkt mit Blick auf den Deich. Der Wind wehte ihm dabei um die Nase. Im Abendklang spielt und singt er seine eigenen Songs als deutsche Popmusik.\n\nDer Abendklang entstand in Pandemie Zeiten. Auch wenn diese Zeiten derzeit weitgehend vorbei sind, ist das Format Abendklang geblieben: Immer wieder sonntags um 18 Uhr. Wort und Musik zum Ausklang des Wochenendes in der Christus- und Garnisonkirche.\n\nDen geistlichen Impuls gestaltet R\u00fcdiger Schaarschmidt.\n\nDer Einlass in die Kirche ist ab 17.30 Uhr. Der Eintritt ist frei, um eine Kollekte f\u00fcr die K\u00fcnstler*innen wird gebeten. Das Format Abendklang entstand in Pandemie-Zeiten, findet etwa alle zwei Wochen statt und dauert jeweils etwa 35 Minuten.\n\nFoto: Michel Theilen"},"content":{"rendered":"<p>Abendklang mit Michel Theilen &#8211; Sonntag, 29. Mai um 18 Uhr &#8211; Christus- und Garnisonkirche<\/p>\n<p>Der n\u00e4chste Abendklang in der Christus- und Garnisonkirche am kommenden Sonntag, den 29. Mai um 18 Uhr wird musikalisch gestaltet von dem Singer-Songwriter Michel Theilen.<\/p>\n<p>Er pr\u00e4sentiert am Klavier deutsche Popmusik und dabei ausschlie\u00dflich eigene Songs. Schon fr\u00fch hat Michel Theilen seine Liebe zur Musik entdeckt. Bereits seit fr\u00fchesten Kindertagen begleitet sie ihn. Jedes Wort bekommt eine Note, jeder Satz eine Melodie. Alle Kl\u00e4nge, die dem jungen Musiker im Alltag begegnen, werden so zu etwas Einzigartigem zusammengef\u00fcgt. Die Inspirationen f\u00fcr seine Texte bekommt Michel Theilen meist aus der eigenen Lebensgeschichte. Die Musik ist dabei f\u00fcr ihn wie eine Art Ventil, alles zu sagen, wozu Worte alleine nicht in der Lage w\u00e4ren. \u201eWenn ich auf der B\u00fchne stehe und meine Lieder singe, dann f\u00fchle ich mich frei.\u201c, sagt er. \u201eDie Musik bietet die Freiheit, Dinge auszudr\u00fccken ohne sie aussprechen zu m\u00fcssen, die Freiheit sich selbst zu offenbaren, ohne Angst haben zu m\u00fcssen es k\u00f6nnte falsch verstanden werden.\u201c<\/p>\n<p>Michel Theilen wuchs in C\u00e4ciliengroden direkt hinterm Deich auf. Seine eigene Musik schrieb er quasi direkt mit Blick auf den Deich. Der Wind wehte ihm dabei um die Nase. Im Abendklang spielt und singt er seine eigenen Songs als deutsche Popmusik.<\/p>\n<p>Der Abendklang entstand in Pandemie Zeiten. Auch wenn diese Zeiten derzeit weitgehend vorbei sind, ist das Format Abendklang geblieben: Immer wieder sonntags um 18 Uhr. Wort und Musik zum Ausklang des Wochenendes in der Christus- und Garnisonkirche.<\/p>\n<p>Den geistlichen Impuls gestaltet R\u00fcdiger Schaarschmidt.<\/p>\n<p>Der Einlass in die Kirche ist ab 17.30 Uhr. Der Eintritt ist frei, um eine Kollekte f\u00fcr die K\u00fcnstler*innen wird gebeten. Das Format Abendklang entstand in Pandemie-Zeiten, findet etwa alle zwei Wochen statt und dauert jeweils etwa 35 Minuten.<\/p>\n<p>Foto: Michel Theilen<br \/>\nHAVENKIRCHE@FB<br \/>\n<a href=\"https:\/\/www.facebook.com\/112846133689282\/posts\/554013742905850\/\" target=\"_blank\" rel=\"noopener\">Abendklang mit Michel Theilen &#8211; Sonntag, 29. Mai um 18 Uhr &#8211; Christus- und Garnisonkirche<\/p>\n<p>Der n\u00e4chste Abendklang in der Christus- und Garnisonkirche am kommenden Sonntag, den 29. Mai um 18 Uhr wird musikalisch gestaltet von dem Singer-Songwriter Michel Theilen.<\/p>\n<p>Er pr\u00e4sentiert am Klavier deutsche Popmusik und dabei ausschlie\u00dflich eigene Songs. Schon fr\u00fch hat Michel Theilen seine Liebe zur Musik entdeckt. Bereits seit fr\u00fchesten Kindertagen begleitet sie ihn. Jedes Wort bekommt eine Note, jeder Satz eine Melodie. Alle Kl\u00e4nge, die dem jungen Musiker im Alltag begegnen, werden so zu etwas Einzigartigem zusammengef\u00fcgt. Die Inspirationen f\u00fcr seine Texte bekommt Michel Theilen meist aus der eigenen Lebensgeschichte. Die Musik ist dabei f\u00fcr ihn wie eine Art Ventil, alles zu sagen, wozu Worte alleine nicht in der Lage w\u00e4ren. \u201eWenn ich auf der B\u00fchne stehe und meine Lieder singe, dann f\u00fchle ich mich frei.\u201c, sagt er. \u201eDie Musik bietet die Freiheit, Dinge auszudr\u00fccken ohne sie aussprechen zu m\u00fcssen, die Freiheit sich selbst zu offenbaren, ohne Angst haben zu m\u00fcssen es k\u00f6nnte falsch verstanden werden.\u201c<\/p>\n<p>Michel Theilen wuchs in C\u00e4ciliengroden direkt hinterm Deich auf. Seine eigene Musik schrieb er quasi direkt mit Blick auf den Deich. Der Wind wehte ihm dabei um die Nase. Im Abendklang spielt und singt er seine eigenen Songs als deutsche Popmusik.<\/p>\n<p>Der Abendklang entstand in Pandemie Zeiten. Auch wenn diese Zeiten derzeit weitgehend vorbei sind, ist das Format Abendklang geblieben: Immer wieder sonntags um 18 Uhr. Wort und Musik zum Ausklang des Wochenendes in der Christus- und Garnisonkirche.<\/p>\n<p>Den geistlichen Impuls gestaltet R\u00fcdiger Schaarschmidt.<\/p>\n<p>Der Einlass in die Kirche ist ab 17.30 Uhr. Der Eintritt ist frei, um eine Kollekte f\u00fcr die K\u00fcnstler*innen wird gebeten. Das Format Abendklang entstand in Pandemie-Zeiten, findet etwa alle zwei Wochen statt und dauert jeweils etwa 35 Minuten.<\/p>\n<p>Foto: Michel Theilen<\/a><\/p>\n","protected":false},"excerpt":{"rendered":"<p>Abendklang mit Michel Theilen &#8211; Sonntag, 29. Mai um 18 Uhr &#8211; Christus- und Garnisonkirche Der n\u00e4chste Abendklang in der Christus- und Garnisonkirche am kommenden Sonntag, den 29. Mai um 18 Uhr wird musikalisch gestaltet von dem Singer-Songwriter Michel Theilen. Er pr\u00e4sentiert am Klavier deutsche Popmusik und dabei ausschlie\u00dflich eigene Songs. Schon fr\u00fch hat Michel Theilen seine Liebe zur Musik entdeckt. Bereits seit fr\u00fchesten Kindertagen begleitet sie ihn. Jedes Wort bekommt eine Note, jeder Satz eine Melodie. Alle Kl\u00e4nge, die dem jungen Musiker im Alltag begegnen, werden so zu etwas Einzigartigem zusammengef\u00fcgt. Die Inspirationen f\u00fcr seine Texte bekommt Michel Theilen&#8230;<\/p>\n","protected":false},"author":6,"featured_media":0,"comment_status":"false","ping_status":"open","sticky":false,"template":"","format":"standard","meta":{"footnotes":""},"categories":[75],"tags":[76],"class_list":["post-21120","post","type-post","status-publish","format-standard","hentry","category-havenkirche","tag-havenkirche"],"_links":{"self":[{"href":"https:\/\/christusnews.de\/site\/wp-json\/wp\/v2\/posts\/21120","targetHints":{"allow":["GET"]}}],"collection":[{"href":"https:\/\/christusnews.de\/site\/wp-json\/wp\/v2\/posts"}],"about":[{"href":"https:\/\/christusnews.de\/site\/wp-json\/wp\/v2\/types\/post"}],"author":[{"embeddable":true,"href":"https:\/\/christusnews.de\/site\/wp-json\/wp\/v2\/users\/6"}],"replies":[{"embeddable":true,"href":"https:\/\/christusnews.de\/site\/wp-json\/wp\/v2\/comments?post=21120"}],"version-history":[{"count":1,"href":"https:\/\/christusnews.de\/site\/wp-json\/wp\/v2\/posts\/21120\/revisions"}],"predecessor-version":[{"id":21121,"href":"https:\/\/christusnews.de\/site\/wp-json\/wp\/v2\/posts\/21120\/revisions\/21121"}],"wp:attachment":[{"href":"https:\/\/christusnews.de\/site\/wp-json\/wp\/v2\/media?parent=21120"}],"wp:term":[{"taxonomy":"category","embeddable":true,"href":"https:\/\/christusnews.de\/site\/wp-json\/wp\/v2\/categories?post=21120"},{"taxonomy":"post_tag","embeddable":true,"href":"https:\/\/christusnews.de\/site\/wp-json\/wp\/v2\/tags?post=21120"}],"curies":[{"name":"wp","href":"https:\/\/api.w.org\/{rel}","templated":true}]}}