{"id":21140,"date":"2022-05-27T08:35:00","date_gmt":"2022-05-27T06:35:00","guid":{"rendered":"https:\/\/christusnews.de\/site\/ostfriesland-ems-neuer-kirchenmusikdirektor-wird-eingefuehrt\/"},"modified":"2022-05-30T11:17:34","modified_gmt":"2022-05-30T09:17:34","slug":"ostfriesland-ems-neuer-kirchenmusikdirektor-wird-eingefuehrt","status":"publish","type":"post","link":"https:\/\/christusnews.de\/site\/ostfriesland-ems-neuer-kirchenmusikdirektor-wird-eingefuehrt\/","title":{"rendered":"Ostfriesland-Ems: Neuer Kirchenmusikdirektor wird eingef\u00fchrt"},"content":{"rendered":"<p class=\"MsoPlainText\">Leer (epd). Der neue Kirchenmusikdirektor des Sprengels Ostfriesland-Ems, Johannes Ge\u00dfner, wird am Pfingstsonntag (5. Juni) offiziell in sein Amt eingef\u00fchrt. Der Kantor, Komponist und Arrangeur arbeite bereits seit Anfang M\u00e4rz in der leitenden Funktion, sagte Kirchensprecherin Hannegreth Grundmann am Freitag dem epd. Er soll am Pfingstsonntag um 15 Uhr in der Lutherkirche Leer eingef\u00fchrt werden, unter anderem vom Emder Regionalbischof Detlef Klahr. Ge\u00dfner folgt auf Joachim Gehrold, der Ende Februar in den Ruhestand gegangen ist.<\/p>\n<p class=\"MsoPlainText\">&nbsp;<\/p>\n<p class=\"MsoPlainText\">Der Kirchenmusikdirektor des Evangelisch-lutherischen Sprengels Ostfriesland-Ems hat seinen Sitz an der Lutherkirche in Leer. Mit einem Stellenanteil von 60 Prozent gestaltet er die kirchenmusikalische Arbeit der Lutherkirchengemeinde. Mit 40 Prozent begleitet er als Fachberater die sechs Kirchenkreise der Region zwischen der ostfriesischen Nordseek\u00fcste und Bad Bentheim. Zum Bezirk geh\u00f6ren 155 Gemeinden.<\/p>\n<p class=\"MsoPlainText\">&nbsp;<\/p>\n<p class=\"MsoPlainText\">Musikalisch aufgewachsen ist Ge\u00dfner im Windsbacher Knabenchor, studierte Kirchenmusik an der Hochschule f\u00fcr Kirchenmusik in Herford sowie Orgelimprovisation bei Professor Wolfgang Seifen an der Universit\u00e4t der K\u00fcnste in Berlin. Er hat verschiedene Meisterkurse und einen Chorleitungsstudiengang mit Schwerpunkt Pop und Jazz absolviert. Zuletzt war er Kreiskantor an der evangelischen Stadtkirche im bergischen Lennep.<\/p>\n<p>Kirche-Oldenburg<br \/>\n<a href=\"https:\/\/www.kirche-oldenburg.de\/\/aktuell\/news-niedersachsen\/artikel\/ostfriesland-ems-neuer-kirchenmusikdirektor-wird-eingefuehrt\" target=\"_blank\" rel=\"noopener\">Ostfriesland-Ems: Neuer Kirchenmusikdirektor wird eingef\u00fchrt<\/a><\/p>\n","protected":false},"excerpt":{"rendered":"<p>Leer (epd). Der neue Kirchenmusikdirektor des Sprengels Ostfriesland-Ems, Johannes Ge\u00dfner, wird am Pfingstsonntag (5. Juni) offiziell in sein Amt eingef\u00fchrt. Der Kantor, Komponist und Arrangeur arbeite bereits seit Anfang M\u00e4rz in der leitenden Funktion, sagte Kirchensprecherin Hannegreth Grundmann am Freitag dem epd. Er soll am Pfingstsonntag um 15 Uhr in der Lutherkirche Leer eingef\u00fchrt werden, unter anderem vom Emder Regionalbischof Detlef Klahr. Ge\u00dfner folgt auf Joachim Gehrold, der Ende Februar in den Ruhestand gegangen ist. &nbsp; Der Kirchenmusikdirektor des Evangelisch-lutherischen Sprengels Ostfriesland-Ems hat seinen Sitz an der Lutherkirche in Leer. Mit einem Stellenanteil von 60 Prozent gestaltet er die kirchenmusikalische&#8230;<\/p>\n","protected":false},"author":7,"featured_media":0,"comment_status":"false","ping_status":"open","sticky":false,"template":"","format":"standard","meta":{"footnotes":""},"categories":[43],"tags":[44],"class_list":["post-21140","post","type-post","status-publish","format-standard","hentry","category-kirche-oldenburg","tag-kirche-oldenburg"],"_links":{"self":[{"href":"https:\/\/christusnews.de\/site\/wp-json\/wp\/v2\/posts\/21140","targetHints":{"allow":["GET"]}}],"collection":[{"href":"https:\/\/christusnews.de\/site\/wp-json\/wp\/v2\/posts"}],"about":[{"href":"https:\/\/christusnews.de\/site\/wp-json\/wp\/v2\/types\/post"}],"author":[{"embeddable":true,"href":"https:\/\/christusnews.de\/site\/wp-json\/wp\/v2\/users\/7"}],"replies":[{"embeddable":true,"href":"https:\/\/christusnews.de\/site\/wp-json\/wp\/v2\/comments?post=21140"}],"version-history":[{"count":1,"href":"https:\/\/christusnews.de\/site\/wp-json\/wp\/v2\/posts\/21140\/revisions"}],"predecessor-version":[{"id":21141,"href":"https:\/\/christusnews.de\/site\/wp-json\/wp\/v2\/posts\/21140\/revisions\/21141"}],"wp:attachment":[{"href":"https:\/\/christusnews.de\/site\/wp-json\/wp\/v2\/media?parent=21140"}],"wp:term":[{"taxonomy":"category","embeddable":true,"href":"https:\/\/christusnews.de\/site\/wp-json\/wp\/v2\/categories?post=21140"},{"taxonomy":"post_tag","embeddable":true,"href":"https:\/\/christusnews.de\/site\/wp-json\/wp\/v2\/tags?post=21140"}],"curies":[{"name":"wp","href":"https:\/\/api.w.org\/{rel}","templated":true}]}}