{"id":21146,"date":"2022-05-26T08:31:00","date_gmt":"2022-05-26T06:31:00","guid":{"rendered":"https:\/\/christusnews.de\/site\/landeskirche-erinnert-an-amtseinfuehrung-von-bischof-hanns-lilje\/"},"modified":"2022-05-30T11:17:35","modified_gmt":"2022-05-30T09:17:35","slug":"landeskirche-erinnert-an-amtseinfuehrung-von-bischof-hanns-lilje","status":"publish","type":"post","link":"https:\/\/christusnews.de\/site\/landeskirche-erinnert-an-amtseinfuehrung-von-bischof-hanns-lilje\/","title":{"rendered":"Landeskirche erinnert an Amtseinf\u00fchrung von Bischof Hanns Lilje"},"content":{"rendered":"<p class=\"MsoPlainText\">Hannover (epd). Mit einem Gottesdienst erinnert die hannoversche Landeskirche am Sonntag (29. Mai) an ihren fr\u00fcheren Landesbischof Hanns Lilje (1899-1977). Anlass ist die Amtseinf\u00fchrung Liljes vor 75 Jahren, wie die evangelische Landeskirche am Montag in Hannover mitteilte. Lilje war im April 1947 als Nachfolger von August Marahrens von der Synode zum Bischof gew\u00e4hlt worden. Am 28. Mai 1947 wurde er in der Ruine der im Zweiten Weltkrieg schwer zerst\u00f6rten Marktkirche in sein Amt eingef\u00fchrt.<\/p>\n<p class=\"MsoPlainText\">&nbsp;<\/p>\n<p class=\"MsoPlainText\">Auch der Gottesdienst zur Erinnerung an Lilje wird in der Marktkirche stattfinden, die nach dem Krieg wieder aufgebaut wurde. Die Leitung hat der Gesch\u00e4ftsf\u00fchrer der Hanns-Lilje-Stiftung, Professor Christoph Dahling-Sander. Mitgestaltet wird die Feier vom fr\u00fcheren evangelischen Landessuperintendenten Hartmut Badenhop, der die Amtseinf\u00fchrung Liljes 1947 als 16-J\u00e4hriger miterlebt hat.<\/p>\n<p class=\"MsoPlainText\">&nbsp;<\/p>\n<p class=\"MsoPlainText\">\u00abHanns Lilje hat als Landesbischof unserer Kirche viele Entwicklungen angesto\u00dfen, die f\u00fcr uns bis heute von gro\u00dfer Bedeutung sind\u00bb, sagte der heutige Landesbischof Ralf Meister. \u00abEr war ein gro\u00dfartiger Netzwerker und hat vielen Menschen in der Nachkriegszeit Halt und Orientierung gegeben. Und unter dem Eindruck des Zweiten Weltkriegs war er ein \u00fcberzeugter Streiter gegen Nationalismus und f\u00fcr einen v\u00f6lkerverbindenden Frieden.\u00bb 1944 und 1945 hatte Lilje wegen seiner Opposition gegen die Kirchenpolitik der Nazis zehn Monate lang in Gestapo-Haft gesessen.<\/p>\n<p class=\"MsoPlainText\">&nbsp;<\/p>\n<p class=\"MsoPlainText\">Lilje war bis 1971 Landesbischof in Hannover. Von 1950 bis 1977 war er auch Abt des Klosters Loccum. International engagierte sich Lilje von 1952 bis 1957 als Pr\u00e4sident des Lutherischen Weltbundes und von 1961 bis 1975 als Mitglied im Exekutiv-Komitee und im Pr\u00e4sidium des \u00d6kumenischen Rates der Kirchen. In Erinnerung an den fr\u00fcheren Landesbischof hat die Hanns-Lilje-Stiftung ein Video zu Leben und Werk ihres Namensgebers produziert, das im Internet abrufbar ist.<\/p>\n<p>Kirche-Oldenburg<br \/>\n<a href=\"https:\/\/www.kirche-oldenburg.de\/\/aktuell\/news-niedersachsen\/artikel\/landeskirche-erinnert-an-amtseinfuehrung-von-bischof-hanns-lilje\" target=\"_blank\" rel=\"noopener\">Landeskirche erinnert an Amtseinf\u00fchrung von Bischof Hanns Lilje<\/a><\/p>\n","protected":false},"excerpt":{"rendered":"<p>Hannover (epd). Mit einem Gottesdienst erinnert die hannoversche Landeskirche am Sonntag (29. Mai) an ihren fr\u00fcheren Landesbischof Hanns Lilje (1899-1977). Anlass ist die Amtseinf\u00fchrung Liljes vor 75 Jahren, wie die evangelische Landeskirche am Montag in Hannover mitteilte. Lilje war im April 1947 als Nachfolger von August Marahrens von der Synode zum Bischof gew\u00e4hlt worden. Am 28. Mai 1947 wurde er in der Ruine der im Zweiten Weltkrieg schwer zerst\u00f6rten Marktkirche in sein Amt eingef\u00fchrt. &nbsp; Auch der Gottesdienst zur Erinnerung an Lilje wird in der Marktkirche stattfinden, die nach dem Krieg wieder aufgebaut wurde. Die Leitung hat der Gesch\u00e4ftsf\u00fchrer der&#8230;<\/p>\n","protected":false},"author":7,"featured_media":0,"comment_status":"false","ping_status":"open","sticky":false,"template":"","format":"standard","meta":{"footnotes":""},"categories":[43],"tags":[44],"class_list":["post-21146","post","type-post","status-publish","format-standard","hentry","category-kirche-oldenburg","tag-kirche-oldenburg"],"_links":{"self":[{"href":"https:\/\/christusnews.de\/site\/wp-json\/wp\/v2\/posts\/21146","targetHints":{"allow":["GET"]}}],"collection":[{"href":"https:\/\/christusnews.de\/site\/wp-json\/wp\/v2\/posts"}],"about":[{"href":"https:\/\/christusnews.de\/site\/wp-json\/wp\/v2\/types\/post"}],"author":[{"embeddable":true,"href":"https:\/\/christusnews.de\/site\/wp-json\/wp\/v2\/users\/7"}],"replies":[{"embeddable":true,"href":"https:\/\/christusnews.de\/site\/wp-json\/wp\/v2\/comments?post=21146"}],"version-history":[{"count":1,"href":"https:\/\/christusnews.de\/site\/wp-json\/wp\/v2\/posts\/21146\/revisions"}],"predecessor-version":[{"id":21147,"href":"https:\/\/christusnews.de\/site\/wp-json\/wp\/v2\/posts\/21146\/revisions\/21147"}],"wp:attachment":[{"href":"https:\/\/christusnews.de\/site\/wp-json\/wp\/v2\/media?parent=21146"}],"wp:term":[{"taxonomy":"category","embeddable":true,"href":"https:\/\/christusnews.de\/site\/wp-json\/wp\/v2\/categories?post=21146"},{"taxonomy":"post_tag","embeddable":true,"href":"https:\/\/christusnews.de\/site\/wp-json\/wp\/v2\/tags?post=21146"}],"curies":[{"name":"wp","href":"https:\/\/api.w.org\/{rel}","templated":true}]}}