{"id":21148,"date":"2022-05-25T08:28:00","date_gmt":"2022-05-25T06:28:00","guid":{"rendered":"https:\/\/christusnews.de\/site\/kuestenlaender-fordern-mehr-geld-fuer-zivil-und-katastrophenschutz\/"},"modified":"2022-05-30T11:17:36","modified_gmt":"2022-05-30T09:17:36","slug":"kuestenlaender-fordern-mehr-geld-fuer-zivil-und-katastrophenschutz","status":"publish","type":"post","link":"https:\/\/christusnews.de\/site\/kuestenlaender-fordern-mehr-geld-fuer-zivil-und-katastrophenschutz\/","title":{"rendered":"K\u00fcstenl\u00e4nder fordern mehr Geld f\u00fcr Zivil- und Katastrophenschutz"},"content":{"rendered":"<p class=\"MsoPlainText\">Osnabr\u00fcck (epd). Die f\u00fcnf norddeutschen K\u00fcstenl\u00e4nder wollen im Zivil- und Katastrophenschutz k\u00fcnftig enger untereinander und mit der Bundeswehr zusammenarbeiten. Sie fordern zugleich vom Bund mehr Geld f\u00fcr diese Aufgaben. Der russische Angriffskrieg auf die Ukraine, aber auch die Auswirkungen des Klimawandels mit zunehmenden Gefahren von Hochwasser oder Waldbr\u00e4nden machten deutlich, dass der Schutz der Bev\u00f6lkerung verst\u00e4rkt werden m\u00fcsse, sagte Niedersachsens Innenminister Boris Pistorius (SPD) am Mittwoch in Osnabr\u00fcck. Dort hatte er sich im Rahmen der Nord-Innenministerkonferenz mit den Kolleginnen und Kollegen aus Bremen, Hamburg, Mecklenburg-Vorpommern und Schleswig-Holstein sowie Vertretern der Bundeswehr auf ein gemeinsames Positionspapier verst\u00e4ndigt.<\/p>\n<p class=\"MsoPlainText\">&nbsp;<\/p>\n<p class=\"MsoPlainText\">Die Nordl\u00e4nder und die Bundeswehr wollen sich demnach durch gemeinsame Trainings f\u00fcr den Katastrophenfall wappnen, betonte Pistorius. Dies schlie\u00dfe auch potenzielle Hackerangriffe auf kritische Infrastrukturen wie Elektrizit\u00e4tswerke ein. Die Nordl\u00e4nder h\u00e4tten sich seiner Forderung angeschlossen, dass der Bund zur St\u00e4rkung des Zivil- und Katastrophenschutzes in den kommenden zehn Jahren zus\u00e4tzlich 10 Milliarden Euro investieren m\u00fcsse. Er werde einen entsprechenden Beschluss bei der Fr\u00fchjahrskonferenz aller Innenminister und -senatoren in der kommenden Woche in W\u00fcrzburg vorschlagen, k\u00fcndigte Pistorius an.<\/p>\n<p class=\"MsoPlainText\">&nbsp;<\/p>\n<p class=\"MsoPlainText\">Das Geld m\u00fcsse vor allem in eine modernere Ausstattung wie neue Fahrzeuge f\u00fcr Feuerwehr und Technisches Hilfswerk investiert werden, sagte Pistorius. Bremens Innensenator Ulrich M\u00e4urer (SPD) betonte, Zivil- und Katastrophenschutz h\u00e4tten in einigen Bereichen Verbesserungsbedarf. Das gelte etwa f\u00fcr die Bek\u00e4mpfung von Waldbr\u00e4nden oder die Digitalisierung.<\/p>\n<p class=\"MsoPlainText\">&nbsp;<\/p>\n<p class=\"MsoPlainText\">Die Ressortchefs sprachen sich daf\u00fcr aus, dass Niedersachsen eines der f\u00fcnf im Bundesgebiet geplanten Heimatschutzregimenter erhalten solle. Diese sollen die bestehenden Heimatschutzbrigaden bei Naturkatastrophen und Angriffen von au\u00dfen auf die kritische Infrastruktur anleiten, erl\u00e4uterte Brigadegeneral Andreas Henne. Pistorius schlug zudem vor, dass in Niedersachsen einer von europaweit drei Standorten f\u00fcr Gro\u00dfl\u00f6schflugzeuge geschaffen werden solle.<\/p>\n<p class=\"MsoPlainText\">&nbsp;<\/p>\n<p class=\"MsoPlainText\">Die Nordl\u00e4nder wollen soch dar\u00fcber hinaus dem in Niedersachsen bestehenden Modell eines Landesbeirats f\u00fcr Katastrophenschutz anschlie\u00dfen. Ein regelm\u00e4\u00dfiger Austausch \u00fcber die Grenzen hinweg sei wichtig, damit die beteiligten Experten sich untereinander kennenlernten, sagte Mecklenburg-Vorpommerns Innenminister Christan Pegel (SPD). Auch k\u00f6nne nicht jede Region alle Herausforderungen im Zivil- und Katastrophenschutz stemmen. Das gelte vor allem f\u00fcr sein bev\u00f6lkerungsm\u00e4\u00dfig bundesweit drittkleinstes Bundesland.<\/p>\n<p>Kirche-Oldenburg<br \/>\n<a href=\"https:\/\/www.kirche-oldenburg.de\/\/aktuell\/news-niedersachsen\/artikel\/kuestenlaender-fordern-mehr-geld-fuer-zivil-und-katastrophenschutz\" target=\"_blank\" rel=\"noopener\">K\u00fcstenl\u00e4nder fordern mehr Geld f\u00fcr Zivil- und Katastrophenschutz<\/a><\/p>\n","protected":false},"excerpt":{"rendered":"<p>Osnabr\u00fcck (epd). Die f\u00fcnf norddeutschen K\u00fcstenl\u00e4nder wollen im Zivil- und Katastrophenschutz k\u00fcnftig enger untereinander und mit der Bundeswehr zusammenarbeiten. Sie fordern zugleich vom Bund mehr Geld f\u00fcr diese Aufgaben. Der russische Angriffskrieg auf die Ukraine, aber auch die Auswirkungen des Klimawandels mit zunehmenden Gefahren von Hochwasser oder Waldbr\u00e4nden machten deutlich, dass der Schutz der Bev\u00f6lkerung verst\u00e4rkt werden m\u00fcsse, sagte Niedersachsens Innenminister Boris Pistorius (SPD) am Mittwoch in Osnabr\u00fcck. Dort hatte er sich im Rahmen der Nord-Innenministerkonferenz mit den Kolleginnen und Kollegen aus Bremen, Hamburg, Mecklenburg-Vorpommern und Schleswig-Holstein sowie Vertretern der Bundeswehr auf ein gemeinsames Positionspapier verst\u00e4ndigt. &nbsp; Die Nordl\u00e4nder und&#8230;<\/p>\n","protected":false},"author":7,"featured_media":0,"comment_status":"false","ping_status":"open","sticky":false,"template":"","format":"standard","meta":{"footnotes":""},"categories":[43],"tags":[44],"class_list":["post-21148","post","type-post","status-publish","format-standard","hentry","category-kirche-oldenburg","tag-kirche-oldenburg"],"_links":{"self":[{"href":"https:\/\/christusnews.de\/site\/wp-json\/wp\/v2\/posts\/21148","targetHints":{"allow":["GET"]}}],"collection":[{"href":"https:\/\/christusnews.de\/site\/wp-json\/wp\/v2\/posts"}],"about":[{"href":"https:\/\/christusnews.de\/site\/wp-json\/wp\/v2\/types\/post"}],"author":[{"embeddable":true,"href":"https:\/\/christusnews.de\/site\/wp-json\/wp\/v2\/users\/7"}],"replies":[{"embeddable":true,"href":"https:\/\/christusnews.de\/site\/wp-json\/wp\/v2\/comments?post=21148"}],"version-history":[{"count":1,"href":"https:\/\/christusnews.de\/site\/wp-json\/wp\/v2\/posts\/21148\/revisions"}],"predecessor-version":[{"id":21149,"href":"https:\/\/christusnews.de\/site\/wp-json\/wp\/v2\/posts\/21148\/revisions\/21149"}],"wp:attachment":[{"href":"https:\/\/christusnews.de\/site\/wp-json\/wp\/v2\/media?parent=21148"}],"wp:term":[{"taxonomy":"category","embeddable":true,"href":"https:\/\/christusnews.de\/site\/wp-json\/wp\/v2\/categories?post=21148"},{"taxonomy":"post_tag","embeddable":true,"href":"https:\/\/christusnews.de\/site\/wp-json\/wp\/v2\/tags?post=21148"}],"curies":[{"name":"wp","href":"https:\/\/api.w.org\/{rel}","templated":true}]}}