{"id":21210,"date":"2022-06-02T09:54:00","date_gmt":"2022-06-02T07:54:00","guid":{"rendered":"https:\/\/christusnews.de\/site\/nordseelauf-gegen-gewalt-geht-ueber-sieben-inseln\/"},"modified":"2022-06-03T11:17:25","modified_gmt":"2022-06-03T09:17:25","slug":"nordseelauf-gegen-gewalt-geht-ueber-sieben-inseln","status":"publish","type":"post","link":"https:\/\/christusnews.de\/site\/nordseelauf-gegen-gewalt-geht-ueber-sieben-inseln\/","title":{"rendered":"Nordseelauf gegen Gewalt geht \u00fcber sieben Inseln"},"content":{"rendered":"<p class=\"MsoPlainText\">Aurich\/Langeoog (epd). Der \u00abEWE-Nordseelauf gegen Gewalt\u00bb geht in diesem Jahr \u00fcber alle sieben ostfriesischen Inseln. Der vor mehr als 20 Jahren von der \u00abKirche im Tourismus\u00bb initiierte Lauf beginnt in diesem Jahr am 18. Juni mit einer Andacht mit dem evangelischen Regionalbischof Detlef Klahr auf der Insel Langeoog, wie Urlauberpastorin Antje Wachtmann am Donnerstag in Aurich dem Evangelischen Pressedienst (epd) mitteilte. Die Tour unter dem Motto:&nbsp;\u00abMach nicht halt, lauf gegen Gewalt\u00bb gehe \u00fcber Langeoog, Norderney, Wangerooge, Juist, Spiekeroog und Baltrum. Sie endet am 25. Juni auf Borkum.<\/p>\n<p class=\"MsoPlainText\">&nbsp;<\/p>\n<p class=\"MsoPlainText\">Der Lauf solle ein Zeichen f\u00fcr ein friedliches Miteinander sein, sagte Klahr mit Blick auf den russischen Angriffskrieg auf die Ukraine: \u00abDas Motto des Nordseelaufs ist im Jahr 2022 aktueller denn je.\u00bb Wachtmann erg\u00e4nzte, sie werde den Lauf mit \u00abZeitansagen\u00bb genannten Andachten begleiten.<\/p>\n<p class=\"MsoPlainText\">&nbsp;<\/p>\n<p class=\"MsoPlainText\">Den Organisatoren zufolge haben sich bereits f\u00fcr alle Einzeletappen jeweils mehr als 500 L\u00e4uferinnen und L\u00e4ufer angemeldet. Bis zum 12. Juni seien noch Nachbuchungen m\u00f6glich. 2020 musste der Lauf pandemiebedingt komplett ausfallen. Im vergangenen Jahr beteiligten sich mehr als 800 Sportlerinnen und Sportler an einem digitalen Lauf gegen Gewalt. Sie starteten vor der eigenen Haust\u00fcr und erfassten ihre Strecken und Zeiten \u00fcber eine Handy-App im Internet.<\/p>\n<p class=\"MsoPlainText\">&nbsp;<\/p>\n<p>Kirche-Oldenburg<br \/>\n<a href=\"https:\/\/www.kirche-oldenburg.de\/\/aktuell\/news-niedersachsen\/artikel\/nordseelauf-gegen-gewalt-geht-ueber-sieben-inseln\" target=\"_blank\" rel=\"noopener\">Nordseelauf gegen Gewalt geht \u00fcber sieben Inseln<\/a><\/p>\n","protected":false},"excerpt":{"rendered":"<p>Aurich\/Langeoog (epd). Der \u00abEWE-Nordseelauf gegen Gewalt\u00bb geht in diesem Jahr \u00fcber alle sieben ostfriesischen Inseln. Der vor mehr als 20 Jahren von der \u00abKirche im Tourismus\u00bb initiierte Lauf beginnt in diesem Jahr am 18. Juni mit einer Andacht mit dem evangelischen Regionalbischof Detlef Klahr auf der Insel Langeoog, wie Urlauberpastorin Antje Wachtmann am Donnerstag in Aurich dem Evangelischen Pressedienst (epd) mitteilte. Die Tour unter dem Motto:&nbsp;\u00abMach nicht halt, lauf gegen Gewalt\u00bb gehe \u00fcber Langeoog, Norderney, Wangerooge, Juist, Spiekeroog und Baltrum. Sie endet am 25. Juni auf Borkum. &nbsp; Der Lauf solle ein Zeichen f\u00fcr ein friedliches Miteinander sein, sagte Klahr&#8230;<\/p>\n","protected":false},"author":7,"featured_media":0,"comment_status":"false","ping_status":"open","sticky":false,"template":"","format":"standard","meta":{"footnotes":""},"categories":[43],"tags":[44],"class_list":["post-21210","post","type-post","status-publish","format-standard","hentry","category-kirche-oldenburg","tag-kirche-oldenburg"],"_links":{"self":[{"href":"https:\/\/christusnews.de\/site\/wp-json\/wp\/v2\/posts\/21210","targetHints":{"allow":["GET"]}}],"collection":[{"href":"https:\/\/christusnews.de\/site\/wp-json\/wp\/v2\/posts"}],"about":[{"href":"https:\/\/christusnews.de\/site\/wp-json\/wp\/v2\/types\/post"}],"author":[{"embeddable":true,"href":"https:\/\/christusnews.de\/site\/wp-json\/wp\/v2\/users\/7"}],"replies":[{"embeddable":true,"href":"https:\/\/christusnews.de\/site\/wp-json\/wp\/v2\/comments?post=21210"}],"version-history":[{"count":1,"href":"https:\/\/christusnews.de\/site\/wp-json\/wp\/v2\/posts\/21210\/revisions"}],"predecessor-version":[{"id":21211,"href":"https:\/\/christusnews.de\/site\/wp-json\/wp\/v2\/posts\/21210\/revisions\/21211"}],"wp:attachment":[{"href":"https:\/\/christusnews.de\/site\/wp-json\/wp\/v2\/media?parent=21210"}],"wp:term":[{"taxonomy":"category","embeddable":true,"href":"https:\/\/christusnews.de\/site\/wp-json\/wp\/v2\/categories?post=21210"},{"taxonomy":"post_tag","embeddable":true,"href":"https:\/\/christusnews.de\/site\/wp-json\/wp\/v2\/tags?post=21210"}],"curies":[{"name":"wp","href":"https:\/\/api.w.org\/{rel}","templated":true}]}}