{"id":21212,"date":"2022-06-02T09:50:00","date_gmt":"2022-06-02T07:50:00","guid":{"rendered":"https:\/\/christusnews.de\/site\/eine-sache-der-freundschaft-horst-janssen-museum-feiert-jubilaeum-seines-foerdervereins\/"},"modified":"2022-06-03T11:17:26","modified_gmt":"2022-06-03T09:17:26","slug":"eine-sache-der-freundschaft-horst-janssen-museum-feiert-jubilaeum-seines-foerdervereins","status":"publish","type":"post","link":"https:\/\/christusnews.de\/site\/eine-sache-der-freundschaft-horst-janssen-museum-feiert-jubilaeum-seines-foerdervereins\/","title":{"rendered":"Eine Sache der Freundschaft\u00bb &#8211; Horst Janssen-Museum feiert Jubil\u00e4um seines F\u00f6rdervereins"},"content":{"rendered":"<p class=\"MsoPlainText\">Oldenburg (epd). Das Oldenburger Horst-Janssen-Museum feiert das 25-j\u00e4hrige Bestehen seines F\u00f6rdervereins mit einer Sonderausstellung unter der \u00dcberschrift \u00abEine Sache der Freundschaft\u00bb. Die Schau lade ab diesem Freitag (3. Juni) zu einer Zeitreise durch die vergangenen 25 Jahre ein, sagte Kuratorin Antje Tietken am Donnerstag. Zu sehen seien zahlreiche Bilder des K\u00fcnstlers: \u00abWir zeigen ein Best-of von rund 60 Werken, darunter Selbstportr\u00e4ts, die Radierzyklen Nigromontanus und Caspar David Friedrich, Lithografien und Zeichnungen.\u00bb Die Ausstellung endet am 17. Juli.<\/p>\n<p class=\"MsoPlainText\">&nbsp;<\/p>\n<p class=\"MsoPlainText\">Der F\u00f6rderverein habe rund 500 Werke von Horst Janssen \u00fcber die Jahre angekauft und dem Museum als Schenkung \u00fcberlassen oder als Dauerleihgabe zur Verf\u00fcgung gestellt, sagte Tietken. Der Verein unterst\u00fctze zudem die Forschungs- und Dokumentationsarbeit des Museums wie etwa bei dem Projekt \u00abZeitzeugen\u00bb. Daf\u00fcr seien 35 Weggef\u00e4hrten Janssens interviewt und gefilmt worden. In den Videos, von denen eine Auswahl in der Ausstellung gezeigt wird, kommen unter anderem der Galerist Hans Brockstedt, Horst Janssens Frau Verena Janssen und der ehemalige Vorsitzende des Oldenburger Kunstvereins, Ummo Francksen, zu Wort.<\/p>\n<p class=\"MsoPlainText\">&nbsp;<\/p>\n<p class=\"MsoPlainText\">Der F\u00f6rderverein wurde am 3. Juni 1997 mit dem Ziel gegr\u00fcndet, den Bau eines Museums f\u00fcr den norddeutschen Zeichner, Grafiker, Autor und Ehrenb\u00fcrger der Stadt Oldenburg zu unterst\u00fctzen. Im November 2000 wurde das Horst-Janssen-Museum er\u00f6ffnet. Die \u00abHorst-Janssen-Freunde\u00bb f\u00f6rdern regelm\u00e4\u00dfig Ausstellungen, Veranstaltungen und Publikationen sowie die Museumsp\u00e4dagogik. Dies sei m\u00f6glich durch Mitgliedsbeitr\u00e4ge, die sich j\u00e4hrlich auf etwa 20.000 Euro beliefen, und durch Einzelspenden, die durchaus im f\u00fcnfstelligen Bereich liegen k\u00f6nnten, hie\u00df es.<\/p>\n<p class=\"MsoPlainText\">&nbsp;<\/p>\n<p class=\"MsoPlainText\">Die Dauerausstellung umfasst zahlreiche Originalwerke Janssens, die in regelm\u00e4\u00dfigen Abst\u00e4nden ausgetauscht werden. Janssen wurde am 14. November 1929 in Hamburg geboren und wuchs als uneheliches Kind vaterlos bei den Gro\u00dfeltern in Oldenburg auf. Nach mehreren Schlaganf\u00e4llen starb er am 31. August 1995 und wurde auf dem Gertrudenfriedhof in Oldenburg begraben.<\/p>\n<p class=\"MsoPlainText\">&nbsp;<\/p>\n<p>Kirche-Oldenburg<br \/>\n<a href=\"https:\/\/www.kirche-oldenburg.de\/\/aktuell\/news-niedersachsen\/artikel\/eine-sache-der-freundschaft-horst-janssen-museum-feiert-jubilaeum-seines-foerdervereins\" target=\"_blank\" rel=\"noopener\">Eine Sache der Freundschaft\u00bb &#8211; Horst Janssen-Museum feiert Jubil\u00e4um seines F\u00f6rdervereins<\/a><\/p>\n","protected":false},"excerpt":{"rendered":"<p>Oldenburg (epd). Das Oldenburger Horst-Janssen-Museum feiert das 25-j\u00e4hrige Bestehen seines F\u00f6rdervereins mit einer Sonderausstellung unter der \u00dcberschrift \u00abEine Sache der Freundschaft\u00bb. Die Schau lade ab diesem Freitag (3. Juni) zu einer Zeitreise durch die vergangenen 25 Jahre ein, sagte Kuratorin Antje Tietken am Donnerstag. Zu sehen seien zahlreiche Bilder des K\u00fcnstlers: \u00abWir zeigen ein Best-of von rund 60 Werken, darunter Selbstportr\u00e4ts, die Radierzyklen Nigromontanus und Caspar David Friedrich, Lithografien und Zeichnungen.\u00bb Die Ausstellung endet am 17. Juli. &nbsp; Der F\u00f6rderverein habe rund 500 Werke von Horst Janssen \u00fcber die Jahre angekauft und dem Museum als Schenkung \u00fcberlassen oder als Dauerleihgabe&#8230;<\/p>\n","protected":false},"author":7,"featured_media":0,"comment_status":"false","ping_status":"open","sticky":false,"template":"","format":"standard","meta":{"footnotes":""},"categories":[43],"tags":[44],"class_list":["post-21212","post","type-post","status-publish","format-standard","hentry","category-kirche-oldenburg","tag-kirche-oldenburg"],"_links":{"self":[{"href":"https:\/\/christusnews.de\/site\/wp-json\/wp\/v2\/posts\/21212","targetHints":{"allow":["GET"]}}],"collection":[{"href":"https:\/\/christusnews.de\/site\/wp-json\/wp\/v2\/posts"}],"about":[{"href":"https:\/\/christusnews.de\/site\/wp-json\/wp\/v2\/types\/post"}],"author":[{"embeddable":true,"href":"https:\/\/christusnews.de\/site\/wp-json\/wp\/v2\/users\/7"}],"replies":[{"embeddable":true,"href":"https:\/\/christusnews.de\/site\/wp-json\/wp\/v2\/comments?post=21212"}],"version-history":[{"count":1,"href":"https:\/\/christusnews.de\/site\/wp-json\/wp\/v2\/posts\/21212\/revisions"}],"predecessor-version":[{"id":21213,"href":"https:\/\/christusnews.de\/site\/wp-json\/wp\/v2\/posts\/21212\/revisions\/21213"}],"wp:attachment":[{"href":"https:\/\/christusnews.de\/site\/wp-json\/wp\/v2\/media?parent=21212"}],"wp:term":[{"taxonomy":"category","embeddable":true,"href":"https:\/\/christusnews.de\/site\/wp-json\/wp\/v2\/categories?post=21212"},{"taxonomy":"post_tag","embeddable":true,"href":"https:\/\/christusnews.de\/site\/wp-json\/wp\/v2\/tags?post=21212"}],"curies":[{"name":"wp","href":"https:\/\/api.w.org\/{rel}","templated":true}]}}