{"id":21696,"date":"2022-07-30T07:28:00","date_gmt":"2022-07-30T05:28:00","guid":{"rendered":"https:\/\/christusnews.de\/site\/deutsche-staedte-reduzieren-beleuchtung-von-gebaeuden-und-denkmaelern\/"},"modified":"2022-08-01T11:17:21","modified_gmt":"2022-08-01T09:17:21","slug":"deutsche-staedte-reduzieren-beleuchtung-von-gebaeuden-und-denkmaelern","status":"publish","type":"post","link":"https:\/\/christusnews.de\/site\/deutsche-staedte-reduzieren-beleuchtung-von-gebaeuden-und-denkmaelern\/","title":{"rendered":"Deutsche St\u00e4dte reduzieren Beleuchtung von Geb\u00e4uden und Denkm\u00e4lern"},"content":{"rendered":"<p>Hannover\/Bremen (epd). Angesichts des drohenden Gasmangels und hoher Energiepreise gehen in vielen deutschen St\u00e4dten zunehmend nachts die Lichter aus, auch in Hannover und Bremen. Wie eine Umfrage des Evangelischen Pressedienstes (epd) unter den Verwaltungen gro\u00dfer St\u00e4dte ergab, verzichten viele bereits auf die Illumination von Wahrzeichen, Denkm\u00e4lern und prominenten Geb\u00e4uden wie Rath\u00e4usern, Museen und Bibliotheken. Dort, wo nachts noch alle Lichter brennen, werden derzeit fast \u00fcberall Energiesparma\u00dfnahmen gepr\u00fcft.<\/p>\n<p>\nIn dieser Woche hat Berlin \u00f6ffentlichkeitswirksam die n\u00e4chtliche Bestrahlung seiner Sehensw\u00fcrdigkeiten abgeschaltet. Wahrzeichen wie die Siegess\u00e4ule, der Berliner Dom oder der Lustgarten werden nicht mehr beleuchtet. An insgesamt 200 Objekten sollen nach und nach die Strahler abgeklemmt werden. Zudem haben auch Bundespr\u00e4sident Frank-Walter Steinmeier und der Bundestag Stromsparen angeordnet. Die Beleuchtung am Schloss Bellevue und des Reichstagsgeb\u00e4udes mit der ber\u00fchmten Kuppel wurden stark reduziert.<\/p>\n<p>\nViele Landeshauptst\u00e4dte lassen bereits ihre Rath\u00e4user nachts im Dunkeln liegen, darunter Potsdam, Hannover, Saarbr\u00fccken, Stuttgart, Wiesbaden und M\u00fcnchen. Bremen pr\u00fcft derzeit, ob es die Beleuchtung des zum Unesco-Weltkulturerbe z\u00e4hlenden Marktplatz-Ensemble mit Rathaus und Bremer Roland abschaltet. In K\u00f6ln wird die Beleuchtung des Doms auf den Pr\u00fcfstand gestellt, wie ein Sprecher der Stadt mitteilte.<\/p>\n<p>\nDas Sparen beschr\u00e4nkt sich aber nicht auf die Hauptst\u00e4dte. In Bayern zum Beispiel werden auch die N\u00fcrnberger Kaiserburg, das Liebfrauenm\u00fcnster in Ingolstadt oder der Augsburger Perlachturm nachts nicht mehr angestrahlt. Viele St\u00e4dte, darunter Kiel und Hamburg, pr\u00fcfen nach eigenen Angaben derzeit noch Energiesparma\u00dfnahmen.<br \/>\n&nbsp;<\/p>\n<p>Kirche-Oldenburg<br \/>\n<a href=\"https:\/\/www.kirche-oldenburg.de\/\/aktuell\/news-niedersachsen\/artikel\/deutsche-staedte-reduzieren-beleuchtung-von-gebaeuden-und-denkmaelern\" target=\"_blank\" rel=\"noopener\">Deutsche St\u00e4dte reduzieren Beleuchtung von Geb\u00e4uden und Denkm\u00e4lern<\/a><\/p>\n","protected":false},"excerpt":{"rendered":"<p>Hannover\/Bremen (epd). Angesichts des drohenden Gasmangels und hoher Energiepreise gehen in vielen deutschen St\u00e4dten zunehmend nachts die Lichter aus, auch in Hannover und Bremen. Wie eine Umfrage des Evangelischen Pressedienstes (epd) unter den Verwaltungen gro\u00dfer St\u00e4dte ergab, verzichten viele bereits auf die Illumination von Wahrzeichen, Denkm\u00e4lern und prominenten Geb\u00e4uden wie Rath\u00e4usern, Museen und Bibliotheken. Dort, wo nachts noch alle Lichter brennen, werden derzeit fast \u00fcberall Energiesparma\u00dfnahmen gepr\u00fcft. In dieser Woche hat Berlin \u00f6ffentlichkeitswirksam die n\u00e4chtliche Bestrahlung seiner Sehensw\u00fcrdigkeiten abgeschaltet. Wahrzeichen wie die Siegess\u00e4ule, der Berliner Dom oder der Lustgarten werden nicht mehr beleuchtet. An insgesamt 200 Objekten sollen nach und&#8230;<\/p>\n","protected":false},"author":7,"featured_media":0,"comment_status":"false","ping_status":"open","sticky":false,"template":"","format":"standard","meta":{"footnotes":""},"categories":[43],"tags":[44],"class_list":["post-21696","post","type-post","status-publish","format-standard","hentry","category-kirche-oldenburg","tag-kirche-oldenburg"],"_links":{"self":[{"href":"https:\/\/christusnews.de\/site\/wp-json\/wp\/v2\/posts\/21696","targetHints":{"allow":["GET"]}}],"collection":[{"href":"https:\/\/christusnews.de\/site\/wp-json\/wp\/v2\/posts"}],"about":[{"href":"https:\/\/christusnews.de\/site\/wp-json\/wp\/v2\/types\/post"}],"author":[{"embeddable":true,"href":"https:\/\/christusnews.de\/site\/wp-json\/wp\/v2\/users\/7"}],"replies":[{"embeddable":true,"href":"https:\/\/christusnews.de\/site\/wp-json\/wp\/v2\/comments?post=21696"}],"version-history":[{"count":1,"href":"https:\/\/christusnews.de\/site\/wp-json\/wp\/v2\/posts\/21696\/revisions"}],"predecessor-version":[{"id":21697,"href":"https:\/\/christusnews.de\/site\/wp-json\/wp\/v2\/posts\/21696\/revisions\/21697"}],"wp:attachment":[{"href":"https:\/\/christusnews.de\/site\/wp-json\/wp\/v2\/media?parent=21696"}],"wp:term":[{"taxonomy":"category","embeddable":true,"href":"https:\/\/christusnews.de\/site\/wp-json\/wp\/v2\/categories?post=21696"},{"taxonomy":"post_tag","embeddable":true,"href":"https:\/\/christusnews.de\/site\/wp-json\/wp\/v2\/tags?post=21696"}],"curies":[{"name":"wp","href":"https:\/\/api.w.org\/{rel}","templated":true}]}}