{"id":21951,"date":"2022-08-22T00:15:23","date_gmt":"2022-08-21T22:15:23","guid":{"rendered":"https:\/\/christusnews.de\/site\/sehr-zufrieden-ueber-die-resonanz-auf-den-landtagen-nord\/"},"modified":"2022-08-22T11:18:10","modified_gmt":"2022-08-22T09:18:10","slug":"sehr-zufrieden-ueber-die-resonanz-auf-den-landtagen-nord","status":"publish","type":"post","link":"https:\/\/christusnews.de\/site\/sehr-zufrieden-ueber-die-resonanz-auf-den-landtagen-nord\/","title":{"rendered":"Sehr zufrieden \u00fcber die Resonanz auf den LandTagen Nord"},"content":{"rendered":"<p>\u201eWir kommen jedes Jahr, finden es immer sch\u00f6n hier, h\u00f6re ich h\u00e4ufig und alleine diese \u00c4u\u00dferung finde ich wichtig. Es ist die Begr\u00fcndung daf\u00fcr, dass wir verl\u00e4sslich da sind. Dass Kirche auf der Messe angesprochen werden kann. Das ist f\u00fcr einige Menschen wichtig und ich finde das eine gute Sache\u201c, \u00e4u\u00dferte sich Pastor i.R. Dietrich Jaedicke zufrieden. Der ehrenamtliche Leiter des Projektes Kirchenzelt der oldenburgischen Kirche auf der Messe LandTage Nord in W\u00fcsting hat gemeinsam mit dem W\u00fcstinger Gemeindepastor Udo Dreyer, zust\u00e4ndig f\u00fcr das Standpersonal, und dem Team der \u00d6ffentlichkeitsarbeit der Evangelisch-Lutherischen Kirche in Oldenburg das viert\u00e4gige Event geplant.&nbsp;<br \/>\n&nbsp; &nbsp;<br \/>\nJaedicke wies noch einmal auf sein biblisches Motto f\u00fcr die kirchliche Pr\u00e4senz auf den Landtagen hin, das er besonders treffend fand: \u201eFreut euch mit den Fr\u00f6hlichen, weint mit den Weinenden\u201c, aus dem R\u00f6merbrief (R\u00f6m 12,15,). Durch die Ansprache \u201eWie geht es dir?\u201c verkn\u00fcpft mit den Emotionskarten habe er etliche seelsorgerische Elemente erlebt. Mehr als die Jahre zuvor. Die von Richard Grunwald gestalteten Motivkarten mit unterschiedlichen starken Emotionen kamen bei den Besuchenden sehr gut an.&nbsp;<br \/>\n&nbsp; &nbsp;<br \/>\n\u201eDie meisten Menschen \u00e4u\u00dferten sich positiv, auf die Frage, wie es Ihnen gehe. Sie erleben hier etwas, sind dankbar f\u00fcr Familie und Gesundheit. Doch einige Reaktionen gehen auch tiefer\u201c, res\u00fcmiert Jaedicke, er erlebte viele intensive Begegnungen.<br \/>\n&nbsp; &nbsp;<br \/>\nEine Besucherin, deren Mutter k\u00fcrzlich verstorben sei, konnte ihr \u201eHerz aussch\u00fctten\u201c. Eine Frau aus Schwaben, die die plattdeutsche Andacht zwar nicht verstand, aber dennoch gerne dem Klang zuh\u00f6rte. Ein anderer Besucher \u00e4u\u00dferte, als er einen Segenspruch zog, dass er so viel Kirchensteuer zahle und den Segen n\u00f6tig habe. Er sei ein gl\u00e4ubiger Christ und k\u00f6nne daher damit gut etwas anfangen. \u201eDeshalb betone ich noch einmal: es ist wichtig, dass wir hier sind und die Gelegenheit zum Gespr\u00e4ch geben\u201c, unterstrich Jaedicke. Gern nutzten Besucherinnen und Besucher das Zelt f\u00fcr eine kleine Pause, einmal inne zu halten und sich von dem Messetrubel etwas auszuruhen.&nbsp;<br \/>\n&nbsp; &nbsp;<br \/>\n<strong>Die oldenburgische Kirche in Sozialen Medien<\/strong><br \/>\nViele der Motivkarten wurden mit W\u00fcnschen und \u00c4u\u00dferungen beschrieben und fanden ihren Platz an einem gro\u00dfen Netz im Zelt. T\u00e4glich schaute Luisa Pahl im Kirchenzelt an den beschriebenen Motivkarten vorbei. \u201eVon Tag zu Tag wird die Wand deutlich voller. Toll, dass hier die Emotionen ausgedr\u00fcckt werden\u201c, freute sich die Social Media Managerin der Ev.-Luth. Kirche in Oldenburg. Diese Messe gefalle ihr gut, noch nie habe sie so viele landwirtschaftliche Ger\u00e4te auf einer Ausstellung gesehen. \u201eUnd dass wir als Kirche hier sind, ist total gut.\u201c Luisa Pahl sorgt seit kurzem f\u00fcr aktuelle Darstellung der Ev.-Luth. Kirche in Oldenburg in den Sozialen Medien <a href=\"https:\/\/www.facebook.com\/KircheOldenburg\">Facebook<\/a>&nbsp;und <a href=\"https:\/\/www.instagram.com\/kircheoldenburg\">Instagram<\/a>&nbsp;.&nbsp;<br \/>\n&nbsp; &nbsp;<br \/>\n<strong>Andacht am Sonntag<\/strong><br \/>\nBei der t\u00e4glichen Andacht am Sonntag stellte auch Christiane Geerken-Thomas die Emotionen der Motivkarten heraus. \u201eWie geht es euch? Welche Farbe hat euer Leben?\u201c Die Kreispfarrerin der Wesermarsch las einige der beschriebenen Karten vor. \u00dcberwiegend positive Aussagen waren zu h\u00f6ren. Dank, dass Kirche auf den Landtagen ist, doch auch Wut und Angst wurden ausgedr\u00fcckt. Der Posauenchor Holle-W\u00fcsting, mit seinem Leiter Martin Brink, ist bei der Begleitung der Andachten auf den Landtagen nicht mehr wegzudenken. \u201eEs ist normal hier zu spielen \u2013 sch\u00f6n, wie immer.\u201c &nbsp; &nbsp; &nbsp; &nbsp; &nbsp; &nbsp; &nbsp; &nbsp; &nbsp; &nbsp; &nbsp; &nbsp; &nbsp; &nbsp; &nbsp; &nbsp; &nbsp; &nbsp; &nbsp; &nbsp; &nbsp; &nbsp; &nbsp; &nbsp; &nbsp; &nbsp; &nbsp; &nbsp; &nbsp; &nbsp; &nbsp; &nbsp; &nbsp; &nbsp; &nbsp; &nbsp; &nbsp; &nbsp; &nbsp; &nbsp; &nbsp; &nbsp; &nbsp;<br \/>\n<strong>Organisatoren zeigen sich zufrieden &nbsp; &nbsp;<\/strong> &nbsp; &nbsp; &nbsp; &nbsp; &nbsp; &nbsp; &nbsp; &nbsp; &nbsp; &nbsp; &nbsp; &nbsp; &nbsp; &nbsp; &nbsp; &nbsp; &nbsp; &nbsp; &nbsp; &nbsp; &nbsp; &nbsp;<br \/>\n\u201eWir waren ja in diesem Jahr anders vertreten, als sonst hier auf den Landtagen in den Vorjahren,&nbsp;wir hatten keine gro\u00dfen Aktionen im Zelt, sondern haben die Menschen angesprochen unter dem Motto \u201eWie geht\u2018s dir\u201c.<br \/>\n&nbsp; &nbsp;<br \/>\nDietrich Jaedicke fasste zusammen: \u201eWir wollten ihnen damit Raum geben, ihre Empfindungen zum Ausdruck zu bringen. Alles war vorhanden, von Angst bis zu unterschiedlicher Freude. Angesichts der Krisen, in denen wir im Moment leben, angesichts der Urlaubsstimmung und freudigem Erleben auf einer Messe, wie dieser. Darauf haben viele Menschen sehr positiv reagiert. Das finde ich gut, sehr viele Menschen haben sich ge\u00e4u\u00dfert, das sehen wir an den vielen beschrifteten Karten. Da ist die Bandbreite sehr gro\u00df, von Freude bis zur Dankbarkeit f\u00fcr positives Erleben bis hin zu Trauer, Wut und sauer sein. Viele Menschen haben zum Ausdruck gebracht: Sch\u00f6n dass ihr da seid. Sie k\u00e4men in jedem Jahr und es sei wichtig. Das empfinde ich auch so. Einige sagten auch \u201eWir haben euch vermisst.\u201c&nbsp;<br \/>\n&nbsp; &nbsp;&nbsp;<br \/>\nJaedecke betont: \u201eWir m\u00fcssen als Kirche dort sein, wo die Menschen etwas erleben, wo ihr Herz schl\u00e4gt \u2013 hier schl\u00e4gt das Herz der Landwirtschaft \u2013 das Motto der Messe insgesamt. Ich habe in diesem Jahr wieder positiv erlebt, dass wir mit den Menschen in Kontakt waren. Es lohnt sich, dass wir an der Stelle etwas investieren, denn der Aufwand lohnt sich.\u201c<br \/>\n&nbsp; &nbsp;<br \/>\n\u201eEs ist sch\u00f6n, dass wir so viele engagierte Mitarbeiterinnen und Mitarbeiter hier hatten, das ist sehr wichtig, denn davon lebt das Geschehen auch\u201c, so Jaedicke weiter. \u201eDie Menschen werden angesprochen, das k\u00f6nnen wir Pastorinnen und Pastoren nicht alleine leisten. Da sind die Begegnungen von Mensch zu Mensch aus den verschiedenen Kirchengemeinden, die das Ganze so besonders machen. Ebenso spielen die Posaunenbl\u00e4ser hier eine wichtige Rolle. Die Musik lockt die Menschen, sie kommen gern ins Zelt.\u201c<br \/>\n&nbsp; &nbsp;<br \/>\n<em>Ein Beitrag von B\u00e4rbel Romey<\/em><\/p>\n<p>Kirche-Oldenburg<br \/>\n<a href=\"https:\/\/www.kirche-oldenburg.de\/\/aktuell\/pressemitteilungen\/artikel\/sehr-zufrieden-ueber-die-resonanz-auf-den-landtagen-nord\" target=\"_blank\" rel=\"noopener\">Sehr zufrieden \u00fcber die Resonanz auf den LandTagen Nord<\/a><\/p>\n","protected":false},"excerpt":{"rendered":"<p>\u201eWir kommen jedes Jahr, finden es immer sch\u00f6n hier, h\u00f6re ich h\u00e4ufig und alleine diese \u00c4u\u00dferung finde ich wichtig. Es ist die Begr\u00fcndung daf\u00fcr, dass wir verl\u00e4sslich da sind. Dass Kirche auf der Messe angesprochen werden kann. Das ist f\u00fcr einige Menschen wichtig und ich finde das eine gute Sache\u201c, \u00e4u\u00dferte sich Pastor i.R. Dietrich Jaedicke zufrieden. Der ehrenamtliche Leiter des Projektes Kirchenzelt der oldenburgischen Kirche auf der Messe LandTage Nord in W\u00fcsting hat gemeinsam mit dem W\u00fcstinger Gemeindepastor Udo Dreyer, zust\u00e4ndig f\u00fcr das Standpersonal, und dem Team der \u00d6ffentlichkeitsarbeit der Evangelisch-Lutherischen Kirche in Oldenburg das viert\u00e4gige Event geplant.&nbsp; &nbsp;&#8230;<\/p>\n","protected":false},"author":7,"featured_media":0,"comment_status":"false","ping_status":"open","sticky":false,"template":"","format":"standard","meta":{"footnotes":""},"categories":[43],"tags":[44],"class_list":["post-21951","post","type-post","status-publish","format-standard","hentry","category-kirche-oldenburg","tag-kirche-oldenburg"],"_links":{"self":[{"href":"https:\/\/christusnews.de\/site\/wp-json\/wp\/v2\/posts\/21951","targetHints":{"allow":["GET"]}}],"collection":[{"href":"https:\/\/christusnews.de\/site\/wp-json\/wp\/v2\/posts"}],"about":[{"href":"https:\/\/christusnews.de\/site\/wp-json\/wp\/v2\/types\/post"}],"author":[{"embeddable":true,"href":"https:\/\/christusnews.de\/site\/wp-json\/wp\/v2\/users\/7"}],"replies":[{"embeddable":true,"href":"https:\/\/christusnews.de\/site\/wp-json\/wp\/v2\/comments?post=21951"}],"version-history":[{"count":1,"href":"https:\/\/christusnews.de\/site\/wp-json\/wp\/v2\/posts\/21951\/revisions"}],"predecessor-version":[{"id":21952,"href":"https:\/\/christusnews.de\/site\/wp-json\/wp\/v2\/posts\/21951\/revisions\/21952"}],"wp:attachment":[{"href":"https:\/\/christusnews.de\/site\/wp-json\/wp\/v2\/media?parent=21951"}],"wp:term":[{"taxonomy":"category","embeddable":true,"href":"https:\/\/christusnews.de\/site\/wp-json\/wp\/v2\/categories?post=21951"},{"taxonomy":"post_tag","embeddable":true,"href":"https:\/\/christusnews.de\/site\/wp-json\/wp\/v2\/tags?post=21951"}],"curies":[{"name":"wp","href":"https:\/\/api.w.org\/{rel}","templated":true}]}}