{"id":21955,"date":"2022-08-21T08:36:00","date_gmt":"2022-08-21T06:36:00","guid":{"rendered":"https:\/\/christusnews.de\/site\/kaessmann-protzfeste-zur-einschulung-muessen-nicht-sein\/"},"modified":"2022-08-22T11:18:11","modified_gmt":"2022-08-22T09:18:11","slug":"kaessmann-protzfeste-zur-einschulung-muessen-nicht-sein","status":"publish","type":"post","link":"https:\/\/christusnews.de\/site\/kaessmann-protzfeste-zur-einschulung-muessen-nicht-sein\/","title":{"rendered":"K\u00e4\u00dfmann: \u00abProtzfeste\u00bb zur Einschulung m\u00fcssen nicht sein"},"content":{"rendered":"<p class=\"MsoPlainText\">Berlin\/Hannover (epd). Die evangelische Theologin Margot K\u00e4\u00dfmann mahnt bei Einschulungsfeiern zu Augenma\u00df. \u00abJa, Schulanfang ist ein besonderer Schritt. Aber Protz- und Prunkfeste m\u00fcssen nicht sein\u00bb, schreibt die ehemalige Ratsvorsitzende der Evangelischen Kirche in Deutschland (EKD) in ihrer Kolumne in der \u00abBild am Sonntag\u00bb.<\/p>\n<p class=\"MsoPlainText\">&nbsp;<\/p>\n<p class=\"MsoPlainText\">Die fr\u00fchere hannoversche Landesbisch\u00f6fin warnte davor, \u00abvon Anfang an das Miteinander auf Augenh\u00f6he\u00bb zu zerst\u00f6ren: \u00abWer nicht mithalten kann, wird zum Au\u00dfenseiter, bevor die erste Unterrichtsstunde begonnen hat.\u00bb<\/p>\n<p class=\"MsoPlainText\">&nbsp;<\/p>\n<p class=\"MsoPlainText\">\u00abKinder freuen sich auch \u00fcber einen selbst gebackenen Kuchen und brauchen keine Statussymbole\u00bb, schreibt die 64-J\u00e4hrige und r\u00e4t: \u00abAlso, liebe Eltern, fahrt mal runter und macht euch einen entspannten, sch\u00f6nen Tag mit dem Nachwuchs.\u00bb<\/p>\n<p>Kirche-Oldenburg<br \/>\n<a href=\"https:\/\/www.kirche-oldenburg.de\/\/aktuell\/news-niedersachsen\/artikel\/kaessmann-protzfeste-zur-einschulung-muessen-nicht-sein\" target=\"_blank\" rel=\"noopener\">K\u00e4\u00dfmann: \u00abProtzfeste\u00bb zur Einschulung m\u00fcssen nicht sein<\/a><\/p>\n","protected":false},"excerpt":{"rendered":"<p>Berlin\/Hannover (epd). Die evangelische Theologin Margot K\u00e4\u00dfmann mahnt bei Einschulungsfeiern zu Augenma\u00df. \u00abJa, Schulanfang ist ein besonderer Schritt. Aber Protz- und Prunkfeste m\u00fcssen nicht sein\u00bb, schreibt die ehemalige Ratsvorsitzende der Evangelischen Kirche in Deutschland (EKD) in ihrer Kolumne in der \u00abBild am Sonntag\u00bb. &nbsp; Die fr\u00fchere hannoversche Landesbisch\u00f6fin warnte davor, \u00abvon Anfang an das Miteinander auf Augenh\u00f6he\u00bb zu zerst\u00f6ren: \u00abWer nicht mithalten kann, wird zum Au\u00dfenseiter, bevor die erste Unterrichtsstunde begonnen hat.\u00bb &nbsp; \u00abKinder freuen sich auch \u00fcber einen selbst gebackenen Kuchen und brauchen keine Statussymbole\u00bb, schreibt die 64-J\u00e4hrige und r\u00e4t: \u00abAlso, liebe Eltern, fahrt mal runter und macht euch&#8230;<\/p>\n","protected":false},"author":7,"featured_media":0,"comment_status":"false","ping_status":"open","sticky":false,"template":"","format":"standard","meta":{"footnotes":""},"categories":[43],"tags":[44],"class_list":["post-21955","post","type-post","status-publish","format-standard","hentry","category-kirche-oldenburg","tag-kirche-oldenburg"],"_links":{"self":[{"href":"https:\/\/christusnews.de\/site\/wp-json\/wp\/v2\/posts\/21955","targetHints":{"allow":["GET"]}}],"collection":[{"href":"https:\/\/christusnews.de\/site\/wp-json\/wp\/v2\/posts"}],"about":[{"href":"https:\/\/christusnews.de\/site\/wp-json\/wp\/v2\/types\/post"}],"author":[{"embeddable":true,"href":"https:\/\/christusnews.de\/site\/wp-json\/wp\/v2\/users\/7"}],"replies":[{"embeddable":true,"href":"https:\/\/christusnews.de\/site\/wp-json\/wp\/v2\/comments?post=21955"}],"version-history":[{"count":1,"href":"https:\/\/christusnews.de\/site\/wp-json\/wp\/v2\/posts\/21955\/revisions"}],"predecessor-version":[{"id":21956,"href":"https:\/\/christusnews.de\/site\/wp-json\/wp\/v2\/posts\/21955\/revisions\/21956"}],"wp:attachment":[{"href":"https:\/\/christusnews.de\/site\/wp-json\/wp\/v2\/media?parent=21955"}],"wp:term":[{"taxonomy":"category","embeddable":true,"href":"https:\/\/christusnews.de\/site\/wp-json\/wp\/v2\/categories?post=21955"},{"taxonomy":"post_tag","embeddable":true,"href":"https:\/\/christusnews.de\/site\/wp-json\/wp\/v2\/tags?post=21955"}],"curies":[{"name":"wp","href":"https:\/\/api.w.org\/{rel}","templated":true}]}}