{"id":21980,"date":"2022-08-24T14:35:00","date_gmt":"2022-08-24T12:35:00","guid":{"rendered":"https:\/\/christusnews.de\/site\/energiekrise-kirchen-nutzen-steuermehreinnahmen-zur-unterstuetzung-der-schwaechsten\/"},"modified":"2022-08-24T23:17:49","modified_gmt":"2022-08-24T21:17:49","slug":"energiekrise-kirchen-nutzen-steuermehreinnahmen-zur-unterstuetzung-der-schwaechsten","status":"publish","type":"post","link":"https:\/\/christusnews.de\/site\/energiekrise-kirchen-nutzen-steuermehreinnahmen-zur-unterstuetzung-der-schwaechsten\/","title":{"rendered":"Energiekrise: Kirchen nutzen Steuermehreinnahmen zur Unterst\u00fctzung der Schw\u00e4chsten"},"content":{"rendered":"<p>Die evangelischen und katholischen Kirchen in Niedersachsen und Bremen werden die Steuermehreinnahmen, die sich f\u00fcr die Kirchen aus der Energiepreispauschale des Bundes ergeben, gezielt in diakonischen und caritativen Angeboten f\u00fcr die Schw\u00e4chsten in dieser Krisensituation einsetzen. Darauf haben sich alle evangelischen Kirchen und katholischen Bist\u00fcmer in Niedersachsen und Bremen sowie das Bisch\u00f6flich M\u00fcnstersche Offizialat f\u00fcr die Katholische Kirche im Oldenburger Land in dieser Ausnahmesituation verst\u00e4ndigt. Die Kirchen folgen damit einer Empfehlung der Evangelischen Kirche in Deutschland (EKD) und der Deutsche Bischofskonferenz (DBK).<br \/>\n&nbsp; &nbsp;<br \/>\n\u201eAls evangelische und katholische Kirchen sind wir verantwortlich, Menschen unabh\u00e4ngig von ihrer Religion oder Weltanschauung in Notsituationen zu helfen. Zugleich m\u00fcssen wir selbst nachhaltig wirtschaften und den Energieverbrauch deutlich senken\u201c, hei\u00dft es in der heute von den Bisch\u00f6fen und Leitenden Geistlichen in Niedersachsen und Bremen gemeinsam ver\u00f6ffentlichen Erkl\u00e4rung.<br \/>\n&nbsp; &nbsp;<br \/>\nDie Mehreinnahmen sollen ausdr\u00fccklich f\u00fcr zus\u00e4tzliche und klar zur Linderung der Krise geeignete Projekte der Diakonie und Caritas sowie der Kirchengemeinden vor Ort verwendet werden. Diese Angebote sind offen f\u00fcr alle Menschen ungeachtet ihrer Religion oder Herkunft.&nbsp;<br \/>\n&nbsp; &nbsp;<br \/>\nNach bisher vorliegenden Sch\u00e4tzungen belaufen sich die zu erwartenden Kirchensteuer-Mehreinnahmen durch die Energiepreispauschale f\u00fcr die Kirchen in Niedersachsen und Bremen auf einen niedrigen zweistelligen Millionenbetrag. Dieses Geld soll jenen Menschen zugutekommen, die am st\u00e4rksten unter den Bedr\u00e4ngnissen der durch den russischen Angriffskrieg auf die Ukraine verursachten Energiekrise auch in Niedersachsen und Bremen zu leiden haben.&nbsp;<br \/>\n&nbsp; &nbsp;<br \/>\nUm selbst signifikant Energie zu sparen, soll die Temperatur und Beleuchtungsintensit\u00e4t in Kirchen und kirchlichen Geb\u00e4uden gesenkt werden, sofern diese nicht f\u00fcr soziale Angebote wie W\u00e4rmestuben, Lernr\u00e4ume oder Essensausgabe zur Verf\u00fcgung stehen. Auch ohne Heizung werde es jedoch ge\u00f6ffnete Kirchen f\u00fcr Gottesdienst und Gebet geben. Energieeinsparungen k\u00f6nnen sich \u00fcberdies durch auch \u00f6kumenische Kooperationen zwischen Gemeinden oder anderen zivilgesellschaftlichen Gruppen ergeben.<br \/>\n&nbsp;&nbsp;<br \/>\n<a href=\"\/\/file?uid=135100\">Die Erkl\u00e4rung der Bisch\u00f6fe und Leitenden Geistlichen in Niedersachsen und Bremen im Wortlaut.<\/a><br \/>\n<a href=\"\/\/file?uid=135102\">Die Presseeerkl\u00e4rung der EKD und der DBK im Wortlaut.&nbsp;<\/a><\/p>\n<p>Kirche-Oldenburg<br \/>\n<a href=\"https:\/\/www.kirche-oldenburg.de\/\/aktuell\/pressemitteilungen\/artikel\/energiekrise-kirchen-nutzen-steuermehreinnahmen-zur-unterstuetzung-der-schwaechsten\" target=\"_blank\" rel=\"noopener\">Energiekrise: Kirchen nutzen Steuermehreinnahmen zur Unterst\u00fctzung der Schw\u00e4chsten<\/a><\/p>\n","protected":false},"excerpt":{"rendered":"<p>Die evangelischen und katholischen Kirchen in Niedersachsen und Bremen werden die Steuermehreinnahmen, die sich f\u00fcr die Kirchen aus der Energiepreispauschale des Bundes ergeben, gezielt in diakonischen und caritativen Angeboten f\u00fcr die Schw\u00e4chsten in dieser Krisensituation einsetzen. Darauf haben sich alle evangelischen Kirchen und katholischen Bist\u00fcmer in Niedersachsen und Bremen sowie das Bisch\u00f6flich M\u00fcnstersche Offizialat f\u00fcr die Katholische Kirche im Oldenburger Land in dieser Ausnahmesituation verst\u00e4ndigt. Die Kirchen folgen damit einer Empfehlung der Evangelischen Kirche in Deutschland (EKD) und der Deutsche Bischofskonferenz (DBK). &nbsp; &nbsp; \u201eAls evangelische und katholische Kirchen sind wir verantwortlich, Menschen unabh\u00e4ngig von ihrer Religion oder Weltanschauung in&#8230;<\/p>\n","protected":false},"author":7,"featured_media":0,"comment_status":"false","ping_status":"open","sticky":false,"template":"","format":"standard","meta":{"footnotes":""},"categories":[43],"tags":[44],"class_list":["post-21980","post","type-post","status-publish","format-standard","hentry","category-kirche-oldenburg","tag-kirche-oldenburg"],"_links":{"self":[{"href":"https:\/\/christusnews.de\/site\/wp-json\/wp\/v2\/posts\/21980","targetHints":{"allow":["GET"]}}],"collection":[{"href":"https:\/\/christusnews.de\/site\/wp-json\/wp\/v2\/posts"}],"about":[{"href":"https:\/\/christusnews.de\/site\/wp-json\/wp\/v2\/types\/post"}],"author":[{"embeddable":true,"href":"https:\/\/christusnews.de\/site\/wp-json\/wp\/v2\/users\/7"}],"replies":[{"embeddable":true,"href":"https:\/\/christusnews.de\/site\/wp-json\/wp\/v2\/comments?post=21980"}],"version-history":[{"count":1,"href":"https:\/\/christusnews.de\/site\/wp-json\/wp\/v2\/posts\/21980\/revisions"}],"predecessor-version":[{"id":21981,"href":"https:\/\/christusnews.de\/site\/wp-json\/wp\/v2\/posts\/21980\/revisions\/21981"}],"wp:attachment":[{"href":"https:\/\/christusnews.de\/site\/wp-json\/wp\/v2\/media?parent=21980"}],"wp:term":[{"taxonomy":"category","embeddable":true,"href":"https:\/\/christusnews.de\/site\/wp-json\/wp\/v2\/categories?post=21980"},{"taxonomy":"post_tag","embeddable":true,"href":"https:\/\/christusnews.de\/site\/wp-json\/wp\/v2\/tags?post=21980"}],"curies":[{"name":"wp","href":"https:\/\/api.w.org\/{rel}","templated":true}]}}