{"id":22036,"date":"2022-09-01T09:01:00","date_gmt":"2022-09-01T07:01:00","guid":{"rendered":"https:\/\/christusnews.de\/site\/kinder-und-jugendbuchmesse-steht-im-zeichen-des-comics\/"},"modified":"2022-09-02T11:17:20","modified_gmt":"2022-09-02T09:17:20","slug":"kinder-und-jugendbuchmesse-steht-im-zeichen-des-comics","status":"publish","type":"post","link":"https:\/\/christusnews.de\/site\/kinder-und-jugendbuchmesse-steht-im-zeichen-des-comics\/","title":{"rendered":"Kinder- und Jugendbuchmesse steht im Zeichen des Comics"},"content":{"rendered":"<p class=\"MsoPlainText\">Oldenburg (epd). Die bundesweit gr\u00f6\u00dfte nichtkommerzielle Kinder- und Jugendbuchmesse, die Oldenburger \u00abKibum\u00bb, steht in diesem Jahr im Zeichen des Comics. Unter der \u00dcberschrift \u00abMehr als krach &amp; bumm! KIBUM, Comics und Graphic Novels\u00bb soll das Kulturzentrum PFL nach zwei coronabedingt digitalen Messen wieder zu einem Lesetempel und Veranstaltungszentrum f\u00fcr junge und alte Leserinnen und Leser werden, teilte die Stadt am Donnerstag mit. Schirmherr des literarischen Festivals vom 12. bis 22. November ist der internationale Star der Comic-Kinderliteratur aus den USA, Jeff Kinney.<\/p>\n<p class=\"MsoPlainText\">&nbsp;<\/p>\n<p class=\"MsoPlainText\">Thematisch dreht sich den Angaben zufolge alles um Comics und Graphic Novels. Sie f\u00f6rderten die Lesef\u00e4higkeit und Lesefreude von Kindern und Jugendlichen ganz besonders. Comics kommunizierten klar und strukturiert, ihre Bilder seien visuelle Anker f\u00fcr Leseerlebnisse. Insgesamt sollen mehr als 2.000 Neuerscheinungen der deutschsprachigen Kinder- und Jugendbuchliteratur pr\u00e4sentiert werden.<\/p>\n<p class=\"MsoPlainText\">&nbsp;<\/p>\n<p class=\"MsoPlainText\">Als Begleitprogramm seien mehr als 250 Veranstaltungen in der Regie der Stadtbibliothek vorgesehen, hie\u00df es. 25 Akteurinnen und Akteure aus den Comic-Szenen in Deutschland, den USA, Spanien und \u00d6sterreich reisten f\u00fcr die Messe an. Das Fachpublikum sei eingeladen, auf der Tagung \u00abKindheit medial\u00bb der Oldenburger Forschungsstelle f\u00fcr&nbsp;Kinder- und Jugendliteratur \u00fcber Kindheits- und Jugendkonstruktionen im aktuellen Comic zu diskutieren.<\/p>\n<p class=\"MsoPlainText\">&nbsp;<\/p>\n<p class=\"MsoPlainText\">Das vollst\u00e4ndige Programm der Kibum ist bereits im Internet unter <a href=\"http:\/\/www.kibum.de\">www.kibum.de<\/a> zu finden. Das Programm vor Ort werde zudem durch ein facettenreiches Online-Angebot erg\u00e4nzt, hie\u00df es weiter.<\/p>\n<p class=\"MsoPlainText\">&nbsp;<\/p>\n<p class=\"MsoPlainText\">Vor der Corona-Pandemie besuchten j\u00e4hrlich rund 30.000 vor allem junge Leserinnen und Leser die Kibum. Traditionell wird w\u00e4hrend der Messe der mit 8.000 Euro dotierte \u00abKibum-Preis\u00bb verliehen. Im vergangenen Jahr ging die Auszeichnung an die Autorin Kerstin Gulden aus Knittlingen bei Karlsruhe f\u00fcr ihr Jugendbuchdeb\u00fct \u00abFair Play\u00bb.<\/p>\n<p class=\"MsoPlainText\">&nbsp;<\/p>\n<p>Kirche-Oldenburg<br \/>\n<a href=\"https:\/\/www.kirche-oldenburg.de\/\/aktuell\/news-niedersachsen\/artikel\/kinder-und-jugendbuchmesse-steht-im-zeichen-des-comics\" target=\"_blank\" rel=\"noopener\">Kinder- und Jugendbuchmesse steht im Zeichen des Comics<\/a><\/p>\n","protected":false},"excerpt":{"rendered":"<p>Oldenburg (epd). Die bundesweit gr\u00f6\u00dfte nichtkommerzielle Kinder- und Jugendbuchmesse, die Oldenburger \u00abKibum\u00bb, steht in diesem Jahr im Zeichen des Comics. Unter der \u00dcberschrift \u00abMehr als krach &amp; bumm! KIBUM, Comics und Graphic Novels\u00bb soll das Kulturzentrum PFL nach zwei coronabedingt digitalen Messen wieder zu einem Lesetempel und Veranstaltungszentrum f\u00fcr junge und alte Leserinnen und Leser werden, teilte die Stadt am Donnerstag mit. Schirmherr des literarischen Festivals vom 12. bis 22. November ist der internationale Star der Comic-Kinderliteratur aus den USA, Jeff Kinney. &nbsp; Thematisch dreht sich den Angaben zufolge alles um Comics und Graphic Novels. Sie f\u00f6rderten die Lesef\u00e4higkeit und&#8230;<\/p>\n","protected":false},"author":7,"featured_media":0,"comment_status":"false","ping_status":"open","sticky":false,"template":"","format":"standard","meta":{"footnotes":""},"categories":[43],"tags":[44],"class_list":["post-22036","post","type-post","status-publish","format-standard","hentry","category-kirche-oldenburg","tag-kirche-oldenburg"],"_links":{"self":[{"href":"https:\/\/christusnews.de\/site\/wp-json\/wp\/v2\/posts\/22036","targetHints":{"allow":["GET"]}}],"collection":[{"href":"https:\/\/christusnews.de\/site\/wp-json\/wp\/v2\/posts"}],"about":[{"href":"https:\/\/christusnews.de\/site\/wp-json\/wp\/v2\/types\/post"}],"author":[{"embeddable":true,"href":"https:\/\/christusnews.de\/site\/wp-json\/wp\/v2\/users\/7"}],"replies":[{"embeddable":true,"href":"https:\/\/christusnews.de\/site\/wp-json\/wp\/v2\/comments?post=22036"}],"version-history":[{"count":1,"href":"https:\/\/christusnews.de\/site\/wp-json\/wp\/v2\/posts\/22036\/revisions"}],"predecessor-version":[{"id":22037,"href":"https:\/\/christusnews.de\/site\/wp-json\/wp\/v2\/posts\/22036\/revisions\/22037"}],"wp:attachment":[{"href":"https:\/\/christusnews.de\/site\/wp-json\/wp\/v2\/media?parent=22036"}],"wp:term":[{"taxonomy":"category","embeddable":true,"href":"https:\/\/christusnews.de\/site\/wp-json\/wp\/v2\/categories?post=22036"},{"taxonomy":"post_tag","embeddable":true,"href":"https:\/\/christusnews.de\/site\/wp-json\/wp\/v2\/tags?post=22036"}],"curies":[{"name":"wp","href":"https:\/\/api.w.org\/{rel}","templated":true}]}}