{"id":22091,"date":"2022-09-05T11:25:00","date_gmt":"2022-09-05T09:25:00","guid":{"rendered":"https:\/\/christusnews.de\/site\/familien-bildungsstaette-oldenburg-startet-mit-neuem-programm\/"},"modified":"2022-09-05T23:17:30","modified_gmt":"2022-09-05T21:17:30","slug":"familien-bildungsstaette-oldenburg-startet-mit-neuem-programm","status":"publish","type":"post","link":"https:\/\/christusnews.de\/site\/familien-bildungsstaette-oldenburg-startet-mit-neuem-programm\/","title":{"rendered":"Familien-Bildungsst\u00e4tte Oldenburg startet mit neuem Programm"},"content":{"rendered":"<p>Mit \u00fcber 750 Kursen startet die Evangelische Familien-Bildungsst\u00e4tte (EFB) Oldenburg in das neue Kursjahr. Das Programmheft 2022\/2023 enth\u00e4lt viele neue und bew\u00e4hrte Angebote und steht unter dem Motto \u201eBr\u00fccken bauen\u201c. \u201eBei uns begegnen sich Menschen jeden Alters in ihrer ganzen Vielfalt und lernen einander kennen\u201c erl\u00e4utert Leiterin Meike Bruns, \u201egemeinsames Lernen und gemeinsames Tun baut Br\u00fccken zwischen Menschen, und das ist wichtiger denn je.\u201c<\/p>\n<p>\u201eSo entsteht Gesellschaft: bunt, entwicklungsf\u00e4hig und friedlich\u201c, erg\u00e4nzt Kreispfarrer Torsten Maes.<\/p>\n<p>Bereits im September hei\u00dft es wieder \u201eManege frei\u201c f\u00fcr den Kinderzirkus, beginnt ein Babysitterkurs f\u00fcr Jugendliche und starten neue Krabbel- und Spieltreffs f\u00fcr Kleinkinder mit Eltern. Kinder ab acht Jahren k\u00f6nnen ab Oktober monatlich \u201eWichteln und Werkeln im Jahreslauf\u201c. F\u00fcr Eltern gibt es neben vielen Themenabenden in der Gorch-Fock-Stra\u00dfe in Oldenburg auch regelm\u00e4\u00dfige online-Angebote zu Erziehungsfragen. Nicht wegzudenken sind die Kurse f\u00fcr Familien, Freizeiten f\u00fcr M\u00fctter und Kinder und die beliebten Unternehmungen der Reihe \u201eV\u00e4ter unterwegs\u201c. Im Fachbereich \u201eGesundes Leben\u201c findet sich eine breite Palette von Sport- und Bewegungskursen, Kr\u00e4uterwanderungen, Kochkursen und Ern\u00e4hrungsvortr\u00e4gen. Insbesondere \u00e4ltere Menschen sch\u00e4tzen die Computer- und Smartphonekurse, und im Kreativbereich gibt es neben vielf\u00e4ltigen Musik-, Mal- oder N\u00e4hkursen spannende neue Angebote, in denen textile Bilder, Collagen oder Notizb\u00fcchlein gestaltet werden.&nbsp;<\/p>\n<p>Ein wichtiges Anliegen ist es dem Team der Familien-Bildungsst\u00e4tte Oldenburg aber auch, Menschen in Lebensfragen oder bei \u00dcberg\u00e4ngen in neue Lebensphasen zu unterst\u00fctzen. Daf\u00fcr sind Gespr\u00e4chskreise und Erz\u00e4hlcaf\u00e9s, ein Paarseminar sowie Kurse zu Resilienz, zur Gewaltfreien Kommunikation und zur Konfliktl\u00f6sung im Programm und k\u00f6nnen Angebote des Innehaltens und der Neuorientierung, Themenabende zu Glaubensfragen, Patientenverf\u00fcgung oder Erbrecht gebucht werden.<\/p>\n<p>Auch die Ehrenamtsprojekte der EFB und das Familienzentrum haben ihre Pforten wieder ge\u00f6ffnet. In K\u00fcrze starten dar\u00fcber hinaus die Qualifizierungskurse \u201eHaushaltsmanagement\u201c und \u201eKindertagespflege\u201c.<\/p>\n<p>Das neue Programmheft ist in der EFB Oldenburg, in vielen Superm\u00e4rkten, Kitas, Arztpraxen und Gemeindeh\u00e4usern erh\u00e4ltlich.<\/p>\n<p>Anmeldungen nimmt die EFB Oldenburg unter Telefon <a href=\"tel:+49-441-48065690\">0441 480656-90<\/a>, per E-Mail an <a href=\"mailto:info@efb-oldenburg.de\">info@efb-oldenburg.de<\/a> oder online \u00fcber die Homepage <a href=\"https:\/\/www.efb-oldenburg.de\">www.efb-oldenburg.de<\/a> entgegen.<\/p>\n<p>Kirche-Oldenburg<br \/>\n<a href=\"https:\/\/www.kirche-oldenburg.de\/\/aktuell\/aus-den-kirchenkreisen\/artikel\/familien-bildungsstaette-startet-mit-neuem-programm\" target=\"_blank\" rel=\"noopener\">Familien-Bildungsst\u00e4tte Oldenburg startet mit neuem Programm<\/a><\/p>\n","protected":false},"excerpt":{"rendered":"<p>Mit \u00fcber 750 Kursen startet die Evangelische Familien-Bildungsst\u00e4tte (EFB) Oldenburg in das neue Kursjahr. Das Programmheft 2022\/2023 enth\u00e4lt viele neue und bew\u00e4hrte Angebote und steht unter dem Motto \u201eBr\u00fccken bauen\u201c. \u201eBei uns begegnen sich Menschen jeden Alters in ihrer ganzen Vielfalt und lernen einander kennen\u201c erl\u00e4utert Leiterin Meike Bruns, \u201egemeinsames Lernen und gemeinsames Tun baut Br\u00fccken zwischen Menschen, und das ist wichtiger denn je.\u201c \u201eSo entsteht Gesellschaft: bunt, entwicklungsf\u00e4hig und friedlich\u201c, erg\u00e4nzt Kreispfarrer Torsten Maes. Bereits im September hei\u00dft es wieder \u201eManege frei\u201c f\u00fcr den Kinderzirkus, beginnt ein Babysitterkurs f\u00fcr Jugendliche und starten neue Krabbel- und Spieltreffs f\u00fcr Kleinkinder mit&#8230;<\/p>\n","protected":false},"author":7,"featured_media":0,"comment_status":"false","ping_status":"open","sticky":false,"template":"","format":"standard","meta":{"footnotes":""},"categories":[43],"tags":[44],"class_list":["post-22091","post","type-post","status-publish","format-standard","hentry","category-kirche-oldenburg","tag-kirche-oldenburg"],"_links":{"self":[{"href":"https:\/\/christusnews.de\/site\/wp-json\/wp\/v2\/posts\/22091","targetHints":{"allow":["GET"]}}],"collection":[{"href":"https:\/\/christusnews.de\/site\/wp-json\/wp\/v2\/posts"}],"about":[{"href":"https:\/\/christusnews.de\/site\/wp-json\/wp\/v2\/types\/post"}],"author":[{"embeddable":true,"href":"https:\/\/christusnews.de\/site\/wp-json\/wp\/v2\/users\/7"}],"replies":[{"embeddable":true,"href":"https:\/\/christusnews.de\/site\/wp-json\/wp\/v2\/comments?post=22091"}],"version-history":[{"count":1,"href":"https:\/\/christusnews.de\/site\/wp-json\/wp\/v2\/posts\/22091\/revisions"}],"predecessor-version":[{"id":22092,"href":"https:\/\/christusnews.de\/site\/wp-json\/wp\/v2\/posts\/22091\/revisions\/22092"}],"wp:attachment":[{"href":"https:\/\/christusnews.de\/site\/wp-json\/wp\/v2\/media?parent=22091"}],"wp:term":[{"taxonomy":"category","embeddable":true,"href":"https:\/\/christusnews.de\/site\/wp-json\/wp\/v2\/categories?post=22091"},{"taxonomy":"post_tag","embeddable":true,"href":"https:\/\/christusnews.de\/site\/wp-json\/wp\/v2\/tags?post=22091"}],"curies":[{"name":"wp","href":"https:\/\/api.w.org\/{rel}","templated":true}]}}