{"id":22109,"date":"2022-09-07T11:13:00","date_gmt":"2022-09-07T09:13:00","guid":{"rendered":"https:\/\/christusnews.de\/site\/ndr-mitarbeiter-bei-dreharbeiten-attackiert-und-verletzt\/"},"modified":"2022-09-08T11:19:00","modified_gmt":"2022-09-08T09:19:00","slug":"ndr-mitarbeiter-bei-dreharbeiten-attackiert-und-verletzt","status":"publish","type":"post","link":"https:\/\/christusnews.de\/site\/ndr-mitarbeiter-bei-dreharbeiten-attackiert-und-verletzt\/","title":{"rendered":"NDR-Mitarbeiter bei Dreharbeiten attackiert und verletzt"},"content":{"rendered":"<p class=\"MsoPlainText\">Rastede (epd). Bei Dreharbeiten in Rastede ist ein NDR-Mitarbeiter angegriffen und verletzt worden. Auch der Interviewpartner, ein Besch\u00e4ftigter des Fahrgastverbandes Pro Bahn, sei bei der Attacke eines 36-J\u00e4hrigen verletzt worden, der als Posten an einem Bahn\u00fcbergang eingesetzt war, wie die Polizei am Mittwoch miteilte.<\/p>\n<p class=\"MsoPlainText\">&nbsp;<\/p>\n<p class=\"MsoPlainText\">Bei den Filmaufnahmen am Mittwochmittag am Bahn\u00fcbergang in der Ortschaft Liethe seien das Kamerateam und der Mann in Streit geraten. Dieser sei mit den Filmaufnahmen offenbar nicht einverstanden gewesen, hie\u00df es vonseiten der Polizei. In der Folge habe er einem 48-j\u00e4hrigen NDR-Mitarbeiter mehrfach mit der Faust ins Gesicht und gegen den Hinterkopf geschlagen. Der 40 Jahre alte Pro-Bahn-Mitarbeiter wiederum sei zweimal von dem 36-J\u00e4hrigen geschlagen worden, als er schlichten wollte. Nach der Attacke habe der Angreifer zudem eine Fernsehkamera samt Stativ umgesto\u00dfen, das Objektiv der Kamera sei erheblich besch\u00e4digt worden.<\/p>\n<p class=\"MsoPlainText\">&nbsp;<\/p>\n<p class=\"MsoPlainText\">Die beiden verletzten M\u00e4nner wurden im Krankenhaus behandelt. Die Polizei ermittelt wegen K\u00f6rperverletzung und Sachbesch\u00e4digung.<\/p>\n<p class=\"MsoPlainText\">&nbsp;<\/p>\n<p>Kirche-Oldenburg<br \/>\n<a href=\"https:\/\/www.kirche-oldenburg.de\/\/aktuell\/news-niedersachsen\/artikel\/ndr-mitarbeiter-bei-dreharbeiten-attackiert-und-verletzt\" target=\"_blank\" rel=\"noopener\">NDR-Mitarbeiter bei Dreharbeiten attackiert und verletzt<\/a><\/p>\n","protected":false},"excerpt":{"rendered":"<p>Rastede (epd). Bei Dreharbeiten in Rastede ist ein NDR-Mitarbeiter angegriffen und verletzt worden. Auch der Interviewpartner, ein Besch\u00e4ftigter des Fahrgastverbandes Pro Bahn, sei bei der Attacke eines 36-J\u00e4hrigen verletzt worden, der als Posten an einem Bahn\u00fcbergang eingesetzt war, wie die Polizei am Mittwoch miteilte. &nbsp; Bei den Filmaufnahmen am Mittwochmittag am Bahn\u00fcbergang in der Ortschaft Liethe seien das Kamerateam und der Mann in Streit geraten. Dieser sei mit den Filmaufnahmen offenbar nicht einverstanden gewesen, hie\u00df es vonseiten der Polizei. In der Folge habe er einem 48-j\u00e4hrigen NDR-Mitarbeiter mehrfach mit der Faust ins Gesicht und gegen den Hinterkopf geschlagen. Der 40&#8230;<\/p>\n","protected":false},"author":7,"featured_media":0,"comment_status":"false","ping_status":"open","sticky":false,"template":"","format":"standard","meta":{"footnotes":""},"categories":[43],"tags":[44],"class_list":["post-22109","post","type-post","status-publish","format-standard","hentry","category-kirche-oldenburg","tag-kirche-oldenburg"],"_links":{"self":[{"href":"https:\/\/christusnews.de\/site\/wp-json\/wp\/v2\/posts\/22109","targetHints":{"allow":["GET"]}}],"collection":[{"href":"https:\/\/christusnews.de\/site\/wp-json\/wp\/v2\/posts"}],"about":[{"href":"https:\/\/christusnews.de\/site\/wp-json\/wp\/v2\/types\/post"}],"author":[{"embeddable":true,"href":"https:\/\/christusnews.de\/site\/wp-json\/wp\/v2\/users\/7"}],"replies":[{"embeddable":true,"href":"https:\/\/christusnews.de\/site\/wp-json\/wp\/v2\/comments?post=22109"}],"version-history":[{"count":1,"href":"https:\/\/christusnews.de\/site\/wp-json\/wp\/v2\/posts\/22109\/revisions"}],"predecessor-version":[{"id":22110,"href":"https:\/\/christusnews.de\/site\/wp-json\/wp\/v2\/posts\/22109\/revisions\/22110"}],"wp:attachment":[{"href":"https:\/\/christusnews.de\/site\/wp-json\/wp\/v2\/media?parent=22109"}],"wp:term":[{"taxonomy":"category","embeddable":true,"href":"https:\/\/christusnews.de\/site\/wp-json\/wp\/v2\/categories?post=22109"},{"taxonomy":"post_tag","embeddable":true,"href":"https:\/\/christusnews.de\/site\/wp-json\/wp\/v2\/tags?post=22109"}],"curies":[{"name":"wp","href":"https:\/\/api.w.org\/{rel}","templated":true}]}}