{"id":22113,"date":"2022-09-12T10:20:00","date_gmt":"2022-09-12T08:20:00","guid":{"rendered":"https:\/\/christusnews.de\/site\/?p=22113"},"modified":"2022-09-09T10:24:20","modified_gmt":"2022-09-09T08:24:20","slug":"sommersonnenmomente","status":"publish","type":"post","link":"https:\/\/christusnews.de\/site\/sommersonnenmomente\/","title":{"rendered":"Sommersonnenmomente"},"content":{"rendered":"\n<p>Ich liebe die Weite, das Meer, den Himmel und den Horizont und mag es auf dem Meeresboden spazieren zu gehen. Das geht bei uns n\u00e4mlich mit ablaufendem Wasser und eine Zeit lang noch bei auflaufendem Wasser. Im gleichen Zeitfenster kannst hier drau\u00dfen auch Gottesdienst feiern &#8211; mit Posaunen und Trompeten, mit Fl\u00fcgelh\u00f6rnern und Tuben. Das goldene Blech der Instrumente funkelt in der Sonne, die Instrumente spielen das Lied von der g\u00fcldenen Sonne und ich sp\u00fcren, wie mit den Kl\u00e4ngen und dem Gesang meine Gedanken zum Horizont gehen und wieder zur\u00fcck, zum Himmel und wieder zu mir. Ich sehe die strahlenden Gesichter der singenden Mitfeiernden und denke: Was Du jetzt gerade f\u00fchlst &#8211; festes Herz und weiter Horizont &#8211; das nimm Dir mal als Sommersonnenmoment mit f\u00fcr grauere Tage. Gott wei\u00df, wie wir das brauchen! Ach, denk ich &#8211; bist Du hier so sch\u00f6n und: Ach Gott! Du wei\u00dft ja, wieviel Lichtmomente wir brauchen. Lass mal hell werden in Dunkelherzen &#8211; bitte ich &#8211; f\u00fcr heute. Und mindestens noch einen erinnerten Sommersonnenmoment dazu!<\/p>\n\n\n\n<p><\/p>\n\n\n\n<blockquote class=\"wp-block-quote is-layout-flow wp-block-quote-is-layout-flow\"><p><strong>Lars Bratke<\/strong><br>H<em>\u00f6ren Sie diesen Beitrag bei Radio Jade:<\/em><br><a rel=\"noreferrer noopener\" href=\"http:\/\/www.radio-jade.de\/mediathek\/angedacht\/\" target=\"_blank\"><em>Alle Beitr\u00e4ge im \u00dcberblick | RADIO JADE<\/em><\/a><\/p><\/blockquote>\n","protected":false},"excerpt":{"rendered":"<p>Ich liebe die Weite, das Meer, den Himmel und den Horizont und mag es auf dem Meeresboden spazieren zu gehen. Das geht bei uns n\u00e4mlich mit ablaufendem Wasser und eine Zeit lang noch bei auflaufendem Wasser. Im gleichen Zeitfenster kannst hier drau\u00dfen auch Gottesdienst feiern &#8211; mit Posaunen und Trompeten, mit Fl\u00fcgelh\u00f6rnern und Tuben. Das goldene Blech der Instrumente funkelt in der Sonne, die Instrumente spielen das Lied von der g\u00fcldenen Sonne und ich sp\u00fcren, wie mit den Kl\u00e4ngen und dem Gesang meine Gedanken zum Horizont gehen und wieder zur\u00fcck, zum Himmel und wieder zu mir. Ich sehe die strahlenden&#8230;<\/p>\n","protected":false},"author":6,"featured_media":1171,"comment_status":"closed","ping_status":"open","sticky":false,"template":"","format":"standard","meta":{"footnotes":""},"categories":[5],"tags":[],"class_list":["post-22113","post","type-post","status-publish","format-standard","has-post-thumbnail","hentry","category-angedacht"],"_links":{"self":[{"href":"https:\/\/christusnews.de\/site\/wp-json\/wp\/v2\/posts\/22113","targetHints":{"allow":["GET"]}}],"collection":[{"href":"https:\/\/christusnews.de\/site\/wp-json\/wp\/v2\/posts"}],"about":[{"href":"https:\/\/christusnews.de\/site\/wp-json\/wp\/v2\/types\/post"}],"author":[{"embeddable":true,"href":"https:\/\/christusnews.de\/site\/wp-json\/wp\/v2\/users\/6"}],"replies":[{"embeddable":true,"href":"https:\/\/christusnews.de\/site\/wp-json\/wp\/v2\/comments?post=22113"}],"version-history":[{"count":1,"href":"https:\/\/christusnews.de\/site\/wp-json\/wp\/v2\/posts\/22113\/revisions"}],"predecessor-version":[{"id":22114,"href":"https:\/\/christusnews.de\/site\/wp-json\/wp\/v2\/posts\/22113\/revisions\/22114"}],"wp:featuredmedia":[{"embeddable":true,"href":"https:\/\/christusnews.de\/site\/wp-json\/wp\/v2\/media\/1171"}],"wp:attachment":[{"href":"https:\/\/christusnews.de\/site\/wp-json\/wp\/v2\/media?parent=22113"}],"wp:term":[{"taxonomy":"category","embeddable":true,"href":"https:\/\/christusnews.de\/site\/wp-json\/wp\/v2\/categories?post=22113"},{"taxonomy":"post_tag","embeddable":true,"href":"https:\/\/christusnews.de\/site\/wp-json\/wp\/v2\/tags?post=22113"}],"curies":[{"name":"wp","href":"https:\/\/api.w.org\/{rel}","templated":true}]}}