{"id":22128,"date":"2022-09-08T10:12:00","date_gmt":"2022-09-08T08:12:00","guid":{"rendered":"https:\/\/christusnews.de\/site\/universitaetsmedizin-oldenburg-feiert-zehnjaehriges-bestehen\/"},"modified":"2022-09-09T11:17:44","modified_gmt":"2022-09-09T09:17:44","slug":"universitaetsmedizin-oldenburg-feiert-zehnjaehriges-bestehen","status":"publish","type":"post","link":"https:\/\/christusnews.de\/site\/universitaetsmedizin-oldenburg-feiert-zehnjaehriges-bestehen\/","title":{"rendered":"Universit\u00e4tsmedizin Oldenburg feiert zehnj\u00e4hriges Bestehen"},"content":{"rendered":"<p class=\"MsoPlainText\">Oldenburg (epd). Die Universit\u00e4tsmedizin Oldenburg hat am Donnerstag ihr zehnj\u00e4hriges Bestehen gefeiert. Niedersachsens Ministerpr\u00e4sident Stephan Weil (SPD) w\u00fcrdigte die \u00abEuropean Medical School Oldenburg-Groningen\u00bb, die in ihrer grenz\u00fcberschreitenden Arbeit deutschland- und europaweit einzigartig sei. \u00abDavon profitieren medizinische Nachwuchskr\u00e4fte und Gesellschaft gleicherma\u00dfen, denn in den kommenden Jahren werden wir vor allem auch Allgemeinmedizinerinnen und Allgemeinmediziner ben\u00f6tigen, um eine gute Gesundheitsversorgung sicherzustellen\u00bb, unterstrich Weil.<\/p>\n<p class=\"MsoPlainText\">&nbsp;<\/p>\n<p class=\"MsoPlainText\">Der Wissenschaftsrat von Bund und L\u00e4ndern hatte im November 2010 den Weg geebnet f\u00fcr die Gr\u00fcndung eines neuen medizinischen Standorts an der Universit\u00e4t Oldenburg. Im Wintersemester 2012\/13 hatten der Universit\u00e4t zufolge die ersten 40 Studierenden ihr Studium in Oldenburg aufgenommen. Derzeit starten j\u00e4hrlich 120 junge Menschen in Oldenburg ihr Medizinstudium. Alleinstellungsmerkmal der Oldenburger Medizinerausbildung ist die Kooperation mit der Rijksuniversiteit Groningen und dem Universit\u00e4tsklinikum Groningen in den Niederlanden.<\/p>\n<p class=\"MsoPlainText\">&nbsp;<\/p>\n<p class=\"MsoPlainText\">Wissenschaftsminister Bj\u00f6rn Th\u00fcmler (CDU) wies auf den Beitrag der Universit\u00e4tsmedizin zur Gesundheitsversorgung in Niedersachsen, aber auch bundesweit hin. Es sei gelungen, einen innovativen und starken dritten Ausbildungsstandort im Land zu etablieren.<\/p>\n<p class=\"MsoPlainText\">&nbsp;<\/p>\n<p class=\"MsoPlainText\">An der Fakult\u00e4t forschen und lehren laut der Universit\u00e4t derzeit&nbsp;58 Professorinnen und Professoren, von denen 25 zugleich auch in den Universit\u00e4tskliniken der Kooperationskrankenh\u00e4user t\u00e4tig seien.&nbsp;Zahlreiche weitere Dozierende und medizinisches Fachpersonal sowohl in der Universit\u00e4t als auch in den Krankenh\u00e4usern und rund 180 Lehrpraxen unterst\u00fctzten die Ausbildung der angehenden \u00c4rztinnen und \u00c4rzte. Bislang h\u00e4tten 111 Medizinerinnen und Mediziner erfolgreich ihre Ausbildung in Oldenburg abgeschlossen.<\/p>\n<p class=\"MsoPlainText\">&nbsp;<\/p>\n<p class=\"MsoPlainText\">Universit\u00e4tspr\u00e4sident Ralph Bruder betonte den besonderen Praxisbezug des Modellstudiengangs. Bereits ab dem ersten Semester lernten die Studierenden Untersuchungsmethoden kennen, k\u00e4men mit echten Patientinnen und Patienten in Kontakt und hospitierten regelm\u00e4\u00dfig in Praxen und auf Stationen.<\/p>\n<p class=\"MsoPlainText\">&nbsp;<\/p>\n<p class=\"MsoPlainText\">Der Dekan der Fakult\u00e4t Medizin und Gesundheitswissenschaften, Hans Gerd Nothwang, mahnte zeitnah zus\u00e4tzliche Medizin-Studienpl\u00e4tze in Oldenburg an: \u00abNiedersachsen braucht weitere gut ausgebildete \u00c4rztinnen und \u00c4rzte, sonst droht eine Unterversorgung. Deshalb muss die Zahl der Studienpl\u00e4tze in Oldenburg auf 200 pro Jahr erh\u00f6ht werden.\u00bb<\/p>\n<p class=\"MsoPlainText\">&nbsp;<\/p>\n<p>Kirche-Oldenburg<br \/>\n<a href=\"https:\/\/www.kirche-oldenburg.de\/\/aktuell\/news-niedersachsen\/artikel\/universitaetsmedizin-oldenburg-feiert-zehnjaehriges-bestehen\" target=\"_blank\" rel=\"noopener\">Universit\u00e4tsmedizin Oldenburg feiert zehnj\u00e4hriges Bestehen<\/a><\/p>\n","protected":false},"excerpt":{"rendered":"<p>Oldenburg (epd). Die Universit\u00e4tsmedizin Oldenburg hat am Donnerstag ihr zehnj\u00e4hriges Bestehen gefeiert. Niedersachsens Ministerpr\u00e4sident Stephan Weil (SPD) w\u00fcrdigte die \u00abEuropean Medical School Oldenburg-Groningen\u00bb, die in ihrer grenz\u00fcberschreitenden Arbeit deutschland- und europaweit einzigartig sei. \u00abDavon profitieren medizinische Nachwuchskr\u00e4fte und Gesellschaft gleicherma\u00dfen, denn in den kommenden Jahren werden wir vor allem auch Allgemeinmedizinerinnen und Allgemeinmediziner ben\u00f6tigen, um eine gute Gesundheitsversorgung sicherzustellen\u00bb, unterstrich Weil. &nbsp; Der Wissenschaftsrat von Bund und L\u00e4ndern hatte im November 2010 den Weg geebnet f\u00fcr die Gr\u00fcndung eines neuen medizinischen Standorts an der Universit\u00e4t Oldenburg. Im Wintersemester 2012\/13 hatten der Universit\u00e4t zufolge die ersten 40 Studierenden ihr Studium in&#8230;<\/p>\n","protected":false},"author":7,"featured_media":0,"comment_status":"false","ping_status":"open","sticky":false,"template":"","format":"standard","meta":{"footnotes":""},"categories":[43],"tags":[44],"class_list":["post-22128","post","type-post","status-publish","format-standard","hentry","category-kirche-oldenburg","tag-kirche-oldenburg"],"_links":{"self":[{"href":"https:\/\/christusnews.de\/site\/wp-json\/wp\/v2\/posts\/22128","targetHints":{"allow":["GET"]}}],"collection":[{"href":"https:\/\/christusnews.de\/site\/wp-json\/wp\/v2\/posts"}],"about":[{"href":"https:\/\/christusnews.de\/site\/wp-json\/wp\/v2\/types\/post"}],"author":[{"embeddable":true,"href":"https:\/\/christusnews.de\/site\/wp-json\/wp\/v2\/users\/7"}],"replies":[{"embeddable":true,"href":"https:\/\/christusnews.de\/site\/wp-json\/wp\/v2\/comments?post=22128"}],"version-history":[{"count":1,"href":"https:\/\/christusnews.de\/site\/wp-json\/wp\/v2\/posts\/22128\/revisions"}],"predecessor-version":[{"id":22129,"href":"https:\/\/christusnews.de\/site\/wp-json\/wp\/v2\/posts\/22128\/revisions\/22129"}],"wp:attachment":[{"href":"https:\/\/christusnews.de\/site\/wp-json\/wp\/v2\/media?parent=22128"}],"wp:term":[{"taxonomy":"category","embeddable":true,"href":"https:\/\/christusnews.de\/site\/wp-json\/wp\/v2\/categories?post=22128"},{"taxonomy":"post_tag","embeddable":true,"href":"https:\/\/christusnews.de\/site\/wp-json\/wp\/v2\/tags?post=22128"}],"curies":[{"name":"wp","href":"https:\/\/api.w.org\/{rel}","templated":true}]}}