{"id":22140,"date":"2022-09-09T07:51:00","date_gmt":"2022-09-09T05:51:00","guid":{"rendered":"https:\/\/christusnews.de\/site\/bischof-meister-wuerdigt-queen-elizabeth-ii-als-grosse-versoehnerin\/"},"modified":"2022-09-12T11:17:23","modified_gmt":"2022-09-12T09:17:23","slug":"bischof-meister-wuerdigt-queen-elizabeth-ii-als-grosse-versoehnerin","status":"publish","type":"post","link":"https:\/\/christusnews.de\/site\/bischof-meister-wuerdigt-queen-elizabeth-ii-als-grosse-versoehnerin\/","title":{"rendered":"Bischof Meister w\u00fcrdigt Queen Elizabeth II. als gro\u00dfe Vers\u00f6hnerin"},"content":{"rendered":"<p class=\"MsoPlainText\">Hannover (epd). Im Namen der Evangelischen Kirche in Deutschland (EKD) hat der hannoversche Landesbischof Ralf Meister anl\u00e4sslich des Todes von K\u00f6nigin Elizabeth II. in einem Schreiben an die anglikanischen Erzbisch\u00f6fe von Canterbury und York Trauer und Mitgef\u00fchl zum Ausdruck gebracht. Die am Donnerstagabend im Alter von&nbsp;96 Jahren verstorbene Queen habe ihr langes Leben in den Dienst ihrer Aufgabe als K\u00f6nigin gestellt. \u00abDas hat ihr auch in Deutschland viel Sympathie und Vertrauen eingebracht\u00bb, betonte Meister in seinem Kondolenzschreiben.<\/p>\n<p class=\"MsoPlainText\">&nbsp;<\/p>\n<p class=\"MsoPlainText\">Meister hob hervor, dass die Queen, die zugleich Oberhaupt der anglikanischen Kirche war, zeitlebens von ihrem Glauben getragen worden sei. \u00abIn diesem Glauben und dieser Zuversicht hat sie Menschen Mut gemacht, hat selbst Hoffnung gebracht\u00bb. Beispielhaft nannte der hannoversche Landesbischof die Fernsehansprache von Elizabeth II. in der Corona-Pandemie, die auch von den Menschen in Deutschland als Ermutigung empfunden worden sei.<\/p>\n<p class=\"MsoPlainText\">&nbsp;<\/p>\n<p class=\"MsoPlainText\">Zudem betonte Meister die Rolle der Queen als gro\u00dfe Vers\u00f6hnerin. Ihrem Wirken sei ma\u00dfgeblich zu verdanken, dass Deutschland nach dem Zweiten Weltkrieg wieder in die europ\u00e4ische Staatengemeinschaft aufgenommen wurde. Die Deutschen seien ihr daf\u00fcr zutiefst dankbar:&nbsp;\u00abBei ihren Besuchen in Deutschland wurde sie immer mit viel Zuneigung und auch Begeisterung empfangen und begleitet\u00bb.<\/p>\n<p class=\"MsoPlainText\">&nbsp;<\/p>\n<p class=\"MsoPlainText\">Meister \u00e4u\u00dferte den Wunsch, dass das Verm\u00e4chtnis von Elizabeth II. \u00abweiterhin in der Kirche von England arbeitet und Fr\u00fcchte tr\u00e4gt\u00bb. Ihre Kirche und das Eintreten f\u00fcr ein \u00f6kumenisches Miteinander sei ihr stets \u00abein wahrnehmbar reales und wichtiges Anliegen\u00bb gewesen.&nbsp;Meister ist Co-Vorsitzender der Meissen-Kommission von EKD und der Kirche von England. Ziel der Kommission ist die \u00f6kumenische Ann\u00e4herung zwischen den beiden Kirchen.<\/p>\n<p>Kirche-Oldenburg<br \/>\n<a href=\"https:\/\/www.kirche-oldenburg.de\/\/aktuell\/news-niedersachsen\/artikel\/bischof-meister-wuerdigt-queen-elizabeth-ii-als-grosse-versoehnerin\" target=\"_blank\" rel=\"noopener\">Bischof Meister w\u00fcrdigt Queen Elizabeth II. als gro\u00dfe Vers\u00f6hnerin<\/a><\/p>\n","protected":false},"excerpt":{"rendered":"<p>Hannover (epd). Im Namen der Evangelischen Kirche in Deutschland (EKD) hat der hannoversche Landesbischof Ralf Meister anl\u00e4sslich des Todes von K\u00f6nigin Elizabeth II. in einem Schreiben an die anglikanischen Erzbisch\u00f6fe von Canterbury und York Trauer und Mitgef\u00fchl zum Ausdruck gebracht. Die am Donnerstagabend im Alter von&nbsp;96 Jahren verstorbene Queen habe ihr langes Leben in den Dienst ihrer Aufgabe als K\u00f6nigin gestellt. \u00abDas hat ihr auch in Deutschland viel Sympathie und Vertrauen eingebracht\u00bb, betonte Meister in seinem Kondolenzschreiben. &nbsp; Meister hob hervor, dass die Queen, die zugleich Oberhaupt der anglikanischen Kirche war, zeitlebens von ihrem Glauben getragen worden sei. \u00abIn diesem&#8230;<\/p>\n","protected":false},"author":7,"featured_media":0,"comment_status":"false","ping_status":"open","sticky":false,"template":"","format":"standard","meta":{"footnotes":""},"categories":[43],"tags":[44],"class_list":["post-22140","post","type-post","status-publish","format-standard","hentry","category-kirche-oldenburg","tag-kirche-oldenburg"],"_links":{"self":[{"href":"https:\/\/christusnews.de\/site\/wp-json\/wp\/v2\/posts\/22140","targetHints":{"allow":["GET"]}}],"collection":[{"href":"https:\/\/christusnews.de\/site\/wp-json\/wp\/v2\/posts"}],"about":[{"href":"https:\/\/christusnews.de\/site\/wp-json\/wp\/v2\/types\/post"}],"author":[{"embeddable":true,"href":"https:\/\/christusnews.de\/site\/wp-json\/wp\/v2\/users\/7"}],"replies":[{"embeddable":true,"href":"https:\/\/christusnews.de\/site\/wp-json\/wp\/v2\/comments?post=22140"}],"version-history":[{"count":1,"href":"https:\/\/christusnews.de\/site\/wp-json\/wp\/v2\/posts\/22140\/revisions"}],"predecessor-version":[{"id":22141,"href":"https:\/\/christusnews.de\/site\/wp-json\/wp\/v2\/posts\/22140\/revisions\/22141"}],"wp:attachment":[{"href":"https:\/\/christusnews.de\/site\/wp-json\/wp\/v2\/media?parent=22140"}],"wp:term":[{"taxonomy":"category","embeddable":true,"href":"https:\/\/christusnews.de\/site\/wp-json\/wp\/v2\/categories?post=22140"},{"taxonomy":"post_tag","embeddable":true,"href":"https:\/\/christusnews.de\/site\/wp-json\/wp\/v2\/tags?post=22140"}],"curies":[{"name":"wp","href":"https:\/\/api.w.org\/{rel}","templated":true}]}}