{"id":22149,"date":"2022-09-13T10:02:28","date_gmt":"2022-09-13T08:02:28","guid":{"rendered":"https:\/\/christusnews.de\/site\/seine-freundliche-art-hat-uns-gutgetan-das-miteinander-passte\/"},"modified":"2022-09-13T11:18:06","modified_gmt":"2022-09-13T09:18:06","slug":"seine-freundliche-art-hat-uns-gutgetan-das-miteinander-passte","status":"publish","type":"post","link":"https:\/\/christusnews.de\/site\/seine-freundliche-art-hat-uns-gutgetan-das-miteinander-passte\/","title":{"rendered":"\u201eSeine freundliche Art hat uns gutgetan. Das Miteinander passte.\u201c"},"content":{"rendered":"<p>Der juristische Oberkirchenrat der Ev.-Luth. Kirche in Oldenburg, Frank L\u00fctjel\u00fcschen, ist am Dienstag, 13. September, mit einer Andacht im Oberkirchenrat der oldenburgischen Kirche verabschiedet worden. Anfang August hatte L\u00fctjel\u00fcschen angek\u00fcndigt, sein Leitungsamt zum 30. September 2022 aus pers\u00f6nlichen Gr\u00fcnden aufzugeben. L\u00fctjel\u00fcschen geh\u00f6rte seit Anfang November 2021 zur F\u00fchrungsriege der oldenburgischen Kirche und war im Mai 2021 von der Synode der oldenburgischen Kirche unbefristet zum juristischen Mitglied des Oberkirchenrates gew\u00e4hlt worden.&nbsp;<\/p>\n<p>Bischof Thomas Adomeit betonte in der Andacht, dass Frank L\u00fctjel\u00fcschen die oldenburgische Kirche \u201esehr viel fr\u00fcher als gedacht, gehofft und erwartet\u201c verlasse. Das Kollegium sei froh gewesen \u00fcber seine Fragen, seinen Au\u00dfenblick, seine Kompetenzen, die die Kirche weitergebracht h\u00e4tten. \u201eSeine freundliche Art hat uns gutgetan. Das Miteinander passte.\u201c Recht und Betriebswirtschaft seien wichtige Bereiche auf dem Weg einer Kirche in die Zukunft, denn die Handlungsf\u00e4higkeit der oldenburgischen Kirche m\u00fcsse auch in Sachen Geld und Recht sichergestellt werden, so Adomeit.&nbsp;<\/p>\n<p>\u201eGerne w\u00e4ren wir im Kollegium mit Ihnen weitergegangen auf dem Weg, die Evangelisch-Lutherische Kirche in Oldenburg in die Zukunft zu f\u00fchren und zu begleiten.\u201c Bischof Adomeit dankte Oberkirchenrat L\u00fctjel\u00fcschen f\u00fcr den Dienst im Oberkirchenrat und in der oldenburgischen Kirche, f\u00fcr den Einsatz seiner Gaben und Kr\u00e4fte. \u201eWir sagen Danke f\u00fcr die Zeit, die Sie hier waren und w\u00fcnschen Ihnen alles Gute f\u00fcr Ihren Weg, der Sie beruflich nach Bremen f\u00fchren wird. Bleiben Sie beh\u00fctet.\u201c&nbsp;<\/p>\n<p>Als Leiter des Dezernates II \u201eRecht und Betriebswirtschaft\u201c im Ev.-luth. Oberkirchenrat in Oldenburg war Oberkirchenrat L\u00fctjel\u00fcschen unter anderem zust\u00e4ndig f\u00fcr die Arbeitsbereiche Recht und Betriebswirtschaft sowie die Gemeinsame Kirchenverwaltung. Neben dem Bischof, der Synode und dem Gemeinsamen Kirchenausschuss leitet und verwaltet der Oberkirchenrat als Kollegialorgan die Ev.-Luth. Kirche in Oldenburg. Der in drei Dezernate gegliederte Oberkirchenrat ist die oberste Dienst- und Verwaltungsbeh\u00f6rde der Ev.-Luth. Kirche in Oldenburg. Zur oldenburgischen Kirche geh\u00f6ren 116 Kirchengemeinden gegliedert in sechs Kirchenkreise mit insgesamt rund 381.000 Gemeindegliedern.<\/p>\n<p>Der geb\u00fcrtige Oldenburger <strong>Frank L\u00fctjel\u00fcschen <\/strong>war seit 1. November 2021 juristisches Mitglied im Oberkirchenrat der Ev.-Luth. Kirche in Oldenburg. Zuvor war L\u00fctjel\u00fcschen seit 2009 bei der Landessparkasse zu Oldenburg (LzO) schwerpunktm\u00e4\u00dfig f\u00fcr die Sanierung gro\u00dfer Kreditengagements zust\u00e4ndig, seit 2016 als stellvertretender Leiter der Gruppe Forderungsmanagement. Bis 2009 war Frank L\u00fctjel\u00fcschen als Prokurist in mehreren F\u00fchrungspositionen bei der Sparkasse Bremen t\u00e4tig, zuvor als Sozialversicherungsfachangestellter bei der AOK Oldenburg. L\u00fctjel\u00fcschen hat Rechtswissenschaften an der Universit\u00e4t Osnabr\u00fcck studiert und seine Ausbildung nach einem Rechtsreferendariat am Oberlandesgericht Oldenburg mit der Zweiten Juristischen Staatspr\u00fcfung abgeschlossen.<br \/>\n&nbsp;<\/p>\n<p>Kirche-Oldenburg<br \/>\n<a href=\"https:\/\/www.kirche-oldenburg.de\/\/aktuell\/pressemitteilungen\/artikel\/seine-freundliche-art-hat-uns-gutgetan-das-miteinander-passte\" target=\"_blank\" rel=\"noopener\">\u201eSeine freundliche Art hat uns gutgetan. Das Miteinander passte.\u201c<\/a><\/p>\n","protected":false},"excerpt":{"rendered":"<p>Der juristische Oberkirchenrat der Ev.-Luth. Kirche in Oldenburg, Frank L\u00fctjel\u00fcschen, ist am Dienstag, 13. September, mit einer Andacht im Oberkirchenrat der oldenburgischen Kirche verabschiedet worden. Anfang August hatte L\u00fctjel\u00fcschen angek\u00fcndigt, sein Leitungsamt zum 30. September 2022 aus pers\u00f6nlichen Gr\u00fcnden aufzugeben. L\u00fctjel\u00fcschen geh\u00f6rte seit Anfang November 2021 zur F\u00fchrungsriege der oldenburgischen Kirche und war im Mai 2021 von der Synode der oldenburgischen Kirche unbefristet zum juristischen Mitglied des Oberkirchenrates gew\u00e4hlt worden.&nbsp; Bischof Thomas Adomeit betonte in der Andacht, dass Frank L\u00fctjel\u00fcschen die oldenburgische Kirche \u201esehr viel fr\u00fcher als gedacht, gehofft und erwartet\u201c verlasse. Das Kollegium sei froh gewesen \u00fcber seine Fragen,&#8230;<\/p>\n","protected":false},"author":7,"featured_media":0,"comment_status":"false","ping_status":"open","sticky":false,"template":"","format":"standard","meta":{"footnotes":""},"categories":[43],"tags":[44],"class_list":["post-22149","post","type-post","status-publish","format-standard","hentry","category-kirche-oldenburg","tag-kirche-oldenburg"],"_links":{"self":[{"href":"https:\/\/christusnews.de\/site\/wp-json\/wp\/v2\/posts\/22149","targetHints":{"allow":["GET"]}}],"collection":[{"href":"https:\/\/christusnews.de\/site\/wp-json\/wp\/v2\/posts"}],"about":[{"href":"https:\/\/christusnews.de\/site\/wp-json\/wp\/v2\/types\/post"}],"author":[{"embeddable":true,"href":"https:\/\/christusnews.de\/site\/wp-json\/wp\/v2\/users\/7"}],"replies":[{"embeddable":true,"href":"https:\/\/christusnews.de\/site\/wp-json\/wp\/v2\/comments?post=22149"}],"version-history":[{"count":1,"href":"https:\/\/christusnews.de\/site\/wp-json\/wp\/v2\/posts\/22149\/revisions"}],"predecessor-version":[{"id":22150,"href":"https:\/\/christusnews.de\/site\/wp-json\/wp\/v2\/posts\/22149\/revisions\/22150"}],"wp:attachment":[{"href":"https:\/\/christusnews.de\/site\/wp-json\/wp\/v2\/media?parent=22149"}],"wp:term":[{"taxonomy":"category","embeddable":true,"href":"https:\/\/christusnews.de\/site\/wp-json\/wp\/v2\/categories?post=22149"},{"taxonomy":"post_tag","embeddable":true,"href":"https:\/\/christusnews.de\/site\/wp-json\/wp\/v2\/tags?post=22149"}],"curies":[{"name":"wp","href":"https:\/\/api.w.org\/{rel}","templated":true}]}}