{"id":22184,"date":"2022-09-16T10:00:00","date_gmt":"2022-09-16T08:00:00","guid":{"rendered":"https:\/\/christusnews.de\/site\/75-jahre-bildung-voller-leben\/"},"modified":"2022-09-16T11:17:20","modified_gmt":"2022-09-16T09:17:20","slug":"75-jahre-bildung-voller-leben","status":"publish","type":"post","link":"https:\/\/christusnews.de\/site\/75-jahre-bildung-voller-leben\/","title":{"rendered":"75 Jahre Bildung voller Leben"},"content":{"rendered":"<p>Die Ev. Heimvolkshochschule Rastede l\u00e4dt anl\u00e4sslich ihres 75j\u00e4hrigen Bestehens am 8. Dezember um 19.30 Uhr zu einer besonderen Abendveranstaltung ins Ev. Bildungshaus Rastede ein: Hasnaim Kazim liest aus seinem Buch \u201ePost von Karl-Heinz\u201c. Der in Oldenburg geborene Autor und Journalist hat aus seiner Kindheit eine enge Verbindung auch nach Rastede.<br \/>\n&nbsp; &nbsp;<br \/>\nDurch den d\u00e4nischen P\u00e4dagogen Nikolai Frederik Severin Grundtvig (1783-1872) angeregt, entstand nach dem Ersten Weltkrieg auch in Deutschland eine Bewegung, die zur Gr\u00fcndung der B\u00e4uerlichen Volkshochschule im Oktober 1947 f\u00fchrte. Sie wurde sp\u00e4ter in Ev. Heimvolkshochschule Rastede e.V. umbenannt (1969). Die Ev.-luth. Kirche in Oldenburg wollte der Landjugend Orientierung in Glaubens- und Lebensfragen nach der Katastrophe des 2. Weltkrieges geben.<br \/>\n&nbsp; &nbsp;<br \/>\nIm Laufe der Jahrzehnte haben sich die inhaltliche Arbeit der Ev. Heimvolkshochschule Rastede und die Zielgruppen ver\u00e4ndert und erweitert. Auf der Grundlage eines christlich gepr\u00e4gten Bildungsauftrages bietet das Bildungsprogramm bis heute &#8211; offen, dialogisch und methodisch vielf\u00e4ltig &#8211; Seminare und Veranstaltungen f\u00fcr kulturelle, politische und berufliche Fort- und Weiterbildungen an \u2013 sowie in den Bereichen Theologie, Spiritualit\u00e4t und Hospiz. Gerade auch die Bildungsarbeit mit Menschen mit Migrationshintergrund war in den letzten Jahren ein Schwerpunkt. Fremdsein zu \u00fcberwinden, sich f\u00fcr ein selbstverst\u00e4ndliches Zusammenleben gemeinsam einzusetzen, bedarf eines gemeinsamen Lernprozesses und offenen Bildungsorten wie Heimvolkshochschulen.<br \/>\n&nbsp; &nbsp;<br \/>\n\u201eDa ist es treffend, zum Jubil\u00e4um Hasnaim Kazim einzuladen, der Hassmails nicht unkommentiert lassen will, sondern schlagfertig, \u00fcberraschend und mit einem eigenen Witz darauf reagiert\u201c, so Leiterin Martina Rambusch-Nowak.<\/p>\n<p>Herzliche Einladung zur Lesung, der Eintritt ist frei.&nbsp;<br \/>\n<strong>Anmeldung<\/strong> bitte bis zum <strong>1. Dezember<\/strong> unter 04402\/92840 oder <a href=\"mailto:info@hvhs.de\">info@hvhs.de<\/a>.<\/p>\n<p>Kirche-Oldenburg<br \/>\n<a href=\"https:\/\/www.kirche-oldenburg.de\/\/aktuell\/pressemitteilungen\/artikel\/75-jahre-bildung-voller-leben\" target=\"_blank\" rel=\"noopener\">75 Jahre Bildung voller Leben<\/a><\/p>\n","protected":false},"excerpt":{"rendered":"<p>Die Ev. Heimvolkshochschule Rastede l\u00e4dt anl\u00e4sslich ihres 75j\u00e4hrigen Bestehens am 8. Dezember um 19.30 Uhr zu einer besonderen Abendveranstaltung ins Ev. Bildungshaus Rastede ein: Hasnaim Kazim liest aus seinem Buch \u201ePost von Karl-Heinz\u201c. Der in Oldenburg geborene Autor und Journalist hat aus seiner Kindheit eine enge Verbindung auch nach Rastede. &nbsp; &nbsp; Durch den d\u00e4nischen P\u00e4dagogen Nikolai Frederik Severin Grundtvig (1783-1872) angeregt, entstand nach dem Ersten Weltkrieg auch in Deutschland eine Bewegung, die zur Gr\u00fcndung der B\u00e4uerlichen Volkshochschule im Oktober 1947 f\u00fchrte. Sie wurde sp\u00e4ter in Ev. Heimvolkshochschule Rastede e.V. umbenannt (1969). Die Ev.-luth. Kirche in Oldenburg wollte der Landjugend&#8230;<\/p>\n","protected":false},"author":7,"featured_media":0,"comment_status":"false","ping_status":"open","sticky":false,"template":"","format":"standard","meta":{"footnotes":""},"categories":[43],"tags":[44],"class_list":["post-22184","post","type-post","status-publish","format-standard","hentry","category-kirche-oldenburg","tag-kirche-oldenburg"],"_links":{"self":[{"href":"https:\/\/christusnews.de\/site\/wp-json\/wp\/v2\/posts\/22184","targetHints":{"allow":["GET"]}}],"collection":[{"href":"https:\/\/christusnews.de\/site\/wp-json\/wp\/v2\/posts"}],"about":[{"href":"https:\/\/christusnews.de\/site\/wp-json\/wp\/v2\/types\/post"}],"author":[{"embeddable":true,"href":"https:\/\/christusnews.de\/site\/wp-json\/wp\/v2\/users\/7"}],"replies":[{"embeddable":true,"href":"https:\/\/christusnews.de\/site\/wp-json\/wp\/v2\/comments?post=22184"}],"version-history":[{"count":1,"href":"https:\/\/christusnews.de\/site\/wp-json\/wp\/v2\/posts\/22184\/revisions"}],"predecessor-version":[{"id":22185,"href":"https:\/\/christusnews.de\/site\/wp-json\/wp\/v2\/posts\/22184\/revisions\/22185"}],"wp:attachment":[{"href":"https:\/\/christusnews.de\/site\/wp-json\/wp\/v2\/media?parent=22184"}],"wp:term":[{"taxonomy":"category","embeddable":true,"href":"https:\/\/christusnews.de\/site\/wp-json\/wp\/v2\/categories?post=22184"},{"taxonomy":"post_tag","embeddable":true,"href":"https:\/\/christusnews.de\/site\/wp-json\/wp\/v2\/tags?post=22184"}],"curies":[{"name":"wp","href":"https:\/\/api.w.org\/{rel}","templated":true}]}}