{"id":22194,"date":"2022-09-16T08:38:00","date_gmt":"2022-09-16T06:38:00","guid":{"rendered":"https:\/\/christusnews.de\/site\/initiative-klagt-gegen-abschussgenehmigung-fuer-wolf-in-friesland\/"},"modified":"2022-09-19T11:17:24","modified_gmt":"2022-09-19T09:17:24","slug":"initiative-klagt-gegen-abschussgenehmigung-fuer-wolf-in-friesland","status":"publish","type":"post","link":"https:\/\/christusnews.de\/site\/initiative-klagt-gegen-abschussgenehmigung-fuer-wolf-in-friesland\/","title":{"rendered":"Initiative klagt gegen Abschussgenehmigung f\u00fcr Wolf in Friesland"},"content":{"rendered":"<p class=\"MsoPlainText\">Oldenburg (epd). Der Freundeskreis freilebender W\u00f6lfe klagt gegen die vom Nieders\u00e4chsischen Landesbetrieb f\u00fcr Wasserwirtschaft, K\u00fcsten- und Naturschutz (NLWKN) erteilte Abschussgenehmigung f\u00fcr einen in den Landkreisen Wittmund und Friesland ans\u00e4ssigen Wolfsr\u00fcden. Ein gleichzeitig beim Verwaltungsgericht Oldenburg eingereichter Eilantrag habe zum Ziel, dass von der \u00abungerechtfertigten\u00bb Genehmigung so lange kein Gebrauch gemacht werde, bis \u00fcber die Klage entschieden sei, teilte der Freundeskreis am Freitag mit.<\/p>\n<p class=\"MsoPlainText\">&nbsp;<\/p>\n<p class=\"MsoPlainText\">Das nieders\u00e4chsische Umweltministerium hatte die Abschussgenehmigung f\u00fcr den Wolf am Mittwoch damit begr\u00fcndet, dass es in den beiden Kreisen seit Juli 2022 vermehrt zu \u00dcbergriffen auf Rinderherden gekommen sei. Durch sechs nachweisliche Wolfsangriffe seien insgesamt sieben Rinder get\u00f6tet worden. Dabei seien mehrfach Tiere aus Herden gerissen worden, deren Gr\u00f6\u00dfe und Zusammensetzung im Regelfall einen Schutz vor Wolfsangriffen darstelle. Der schadensverursachende Wolf habe sich offenbar auf diese Art des Beutemachens spezialisiert und eine entsprechende Jagdtechnik entwickelt, hie\u00df es weiter.<\/p>\n<p class=\"MsoPlainText\">&nbsp;<\/p>\n<p class=\"MsoPlainText\">Nach Darstellung des Freundeskreises waren die gerissenen Nutztiere aber \u00abnicht ausreichend bis nicht gesch\u00fctzt\u00bb. Das Bundesamtes f\u00fcr Naturschutz habe darauf hingewiesen, dass das \u00dcberwinden eines sogenannten Mindestschutzes nicht als Grundlage f\u00fcr eine Abschussgenehmigungen herangezogen werden k\u00f6nne. Dasselbe gelte f\u00fcr die \u00abbereits seit Jahren\u00bb vom Umweltministerium vertretene Behauptung, Rinder und Pferde verf\u00fcgten \u00fcber einen Selbstschutz. Rinder k\u00f6nnten in der Fl\u00e4che durchaus erfolgreich durch wolfsabweisende Ma\u00dfnahmen wie einen 120 cm hohen, f\u00fcnffachen Litzen- Elektrozaun gesch\u00fctzt werden.<\/p>\n<p class=\"MsoPlainText\">&nbsp;<\/p>\n<p class=\"MsoPlainText\">Das Bundesjagdgesetz verbiete dar\u00fcber hinaus T\u00f6tungen von Welpen f\u00fchrenden Elterntieren, solange sich die jungen W\u00f6lfe noch nicht selbstst\u00e4ndig ern\u00e4hren k\u00f6nnten, sagte Freundeskreis-Sprecher Hendrik Spiess dem Evangelischen Pressedienst. Die F\u00e4higkeit zur Selbstversorgung trete dabei erst in einem Alter von mindestens zehn Monaten ein.<\/p>\n<p class=\"MsoPlainText\">&nbsp;<\/p>\n<p>Kirche-Oldenburg<br \/>\n<a href=\"https:\/\/www.kirche-oldenburg.de\/\/aktuell\/news-niedersachsen\/artikel\/initiative-klagt-gegen-abschussgenehmigung-fuer-wolf-in-friesland\" target=\"_blank\" rel=\"noopener\">Initiative klagt gegen Abschussgenehmigung f\u00fcr Wolf in Friesland<\/a><\/p>\n","protected":false},"excerpt":{"rendered":"<p>Oldenburg (epd). Der Freundeskreis freilebender W\u00f6lfe klagt gegen die vom Nieders\u00e4chsischen Landesbetrieb f\u00fcr Wasserwirtschaft, K\u00fcsten- und Naturschutz (NLWKN) erteilte Abschussgenehmigung f\u00fcr einen in den Landkreisen Wittmund und Friesland ans\u00e4ssigen Wolfsr\u00fcden. Ein gleichzeitig beim Verwaltungsgericht Oldenburg eingereichter Eilantrag habe zum Ziel, dass von der \u00abungerechtfertigten\u00bb Genehmigung so lange kein Gebrauch gemacht werde, bis \u00fcber die Klage entschieden sei, teilte der Freundeskreis am Freitag mit. &nbsp; Das nieders\u00e4chsische Umweltministerium hatte die Abschussgenehmigung f\u00fcr den Wolf am Mittwoch damit begr\u00fcndet, dass es in den beiden Kreisen seit Juli 2022 vermehrt zu \u00dcbergriffen auf Rinderherden gekommen sei. Durch sechs nachweisliche Wolfsangriffe seien insgesamt sieben&#8230;<\/p>\n","protected":false},"author":7,"featured_media":0,"comment_status":"false","ping_status":"open","sticky":false,"template":"","format":"standard","meta":{"footnotes":""},"categories":[43],"tags":[44],"class_list":["post-22194","post","type-post","status-publish","format-standard","hentry","category-kirche-oldenburg","tag-kirche-oldenburg"],"_links":{"self":[{"href":"https:\/\/christusnews.de\/site\/wp-json\/wp\/v2\/posts\/22194","targetHints":{"allow":["GET"]}}],"collection":[{"href":"https:\/\/christusnews.de\/site\/wp-json\/wp\/v2\/posts"}],"about":[{"href":"https:\/\/christusnews.de\/site\/wp-json\/wp\/v2\/types\/post"}],"author":[{"embeddable":true,"href":"https:\/\/christusnews.de\/site\/wp-json\/wp\/v2\/users\/7"}],"replies":[{"embeddable":true,"href":"https:\/\/christusnews.de\/site\/wp-json\/wp\/v2\/comments?post=22194"}],"version-history":[{"count":1,"href":"https:\/\/christusnews.de\/site\/wp-json\/wp\/v2\/posts\/22194\/revisions"}],"predecessor-version":[{"id":22195,"href":"https:\/\/christusnews.de\/site\/wp-json\/wp\/v2\/posts\/22194\/revisions\/22195"}],"wp:attachment":[{"href":"https:\/\/christusnews.de\/site\/wp-json\/wp\/v2\/media?parent=22194"}],"wp:term":[{"taxonomy":"category","embeddable":true,"href":"https:\/\/christusnews.de\/site\/wp-json\/wp\/v2\/categories?post=22194"},{"taxonomy":"post_tag","embeddable":true,"href":"https:\/\/christusnews.de\/site\/wp-json\/wp\/v2\/tags?post=22194"}],"curies":[{"name":"wp","href":"https:\/\/api.w.org\/{rel}","templated":true}]}}