{"id":22196,"date":"2022-09-16T08:37:00","date_gmt":"2022-09-16T06:37:00","guid":{"rendered":"https:\/\/christusnews.de\/site\/sozialverband-medizinische-versorgung-auf-dem-land-sichern\/"},"modified":"2022-09-19T11:17:24","modified_gmt":"2022-09-19T09:17:24","slug":"sozialverband-medizinische-versorgung-auf-dem-land-sichern","status":"publish","type":"post","link":"https:\/\/christusnews.de\/site\/sozialverband-medizinische-versorgung-auf-dem-land-sichern\/","title":{"rendered":"Sozialverband: Medizinische Versorgung auf dem Land sichern"},"content":{"rendered":"<p class=\"MsoPlainText\">Oldenburg (epd). Der Sozialverband VdK Niedersachsen-Bremen erwartet von der k\u00fcnftigen nieders\u00e4chsischen Landesregierung, die medizinische Versorgung im l\u00e4ndlichen Raum sicherzustellen. \u00abEinen Hausarzt in der N\u00e4he zu haben, darf f\u00fcr die Menschen auf dem Land nicht zum Luxus werden\u00bb, mahnte der Landesvorsitzender Friedrich Stubbe am Freitag in Oldenburg: Bis 2035 gingen viele Allgemeinmediziner in den Ruhestand, rund 1250 Stellen in Niedersachsen k\u00f6nnten nicht nachbesetzt werden.&nbsp;Am 9. Oktober wird in Niedersachsen ein neuer Landtag gew\u00e4hlt.<\/p>\n<p class=\"MsoPlainText\">&nbsp;<\/p>\n<p class=\"MsoPlainText\">Die Politik d\u00fcrfe die Menschen bei der Gesundheitsversorgung nicht alleine lassen, sagte Stubbe. \u00abOb jung oder alt &#8211; wer krank ist, kann h\u00e4ufig keine stundenlange Fahrt bis zur n\u00e4chsten Praxis auf sich nehmen. Das w\u00e4re ein R\u00fcckschritt ins letzte Jahrhundert.\u00bb Der Landesvorsitzende forderte schnelle und zielf\u00fchrende Gegenma\u00dfnahmen.&nbsp;Dazu z\u00e4hlten unter anderem mehr neue Medizinstudienpl\u00e4tze, die nicht nur nach dem Notendurchschnitt vergeben werden. Die bereits eingef\u00fchrte Landarztquote alleine reiche noch nicht aus.<\/p>\n<p class=\"MsoPlainText\">&nbsp;<\/p>\n<p class=\"MsoPlainText\">Um die die Praxen zu erhalten, brauche es auch finanzielle Anreize zur Niederlassung auf dem Land, wie etwa Ansiedlungspr\u00e4mien, unterstrich Stubbe. Zudem seien eine gute soziale und kulturelle Infrastruktur n\u00f6tig, damit der l\u00e4ndliche Raum auch f\u00fcr die Familien der Medizinerinnen und Mediziner attraktiv werde.<\/p>\n<p class=\"MsoPlainText\">&nbsp;<\/p>\n<p class=\"MsoPlainText\">Handlungsbedarf sieht Stubbe auch bei den Apotheken vor Ort: Gerade f\u00fcr \u00e4ltere und kranke Menschen ist die pers\u00f6nliche Beratung vor Ort enorm wichtig. Das k\u00f6nnen Online-Apotheken einfach nicht leisten\u00bb Allein im vergangenen Jahr sei die bundesweite Zahl der Apotheken um 205 Standorte zur\u00fcckgegangen.<\/p>\n<p>Kirche-Oldenburg<br \/>\n<a href=\"https:\/\/www.kirche-oldenburg.de\/\/aktuell\/news-niedersachsen\/artikel\/sozialverband-medizinische-versorgung-auf-dem-land-sichern\" target=\"_blank\" rel=\"noopener\">Sozialverband: Medizinische Versorgung auf dem Land sichern<\/a><\/p>\n","protected":false},"excerpt":{"rendered":"<p>Oldenburg (epd). Der Sozialverband VdK Niedersachsen-Bremen erwartet von der k\u00fcnftigen nieders\u00e4chsischen Landesregierung, die medizinische Versorgung im l\u00e4ndlichen Raum sicherzustellen. \u00abEinen Hausarzt in der N\u00e4he zu haben, darf f\u00fcr die Menschen auf dem Land nicht zum Luxus werden\u00bb, mahnte der Landesvorsitzender Friedrich Stubbe am Freitag in Oldenburg: Bis 2035 gingen viele Allgemeinmediziner in den Ruhestand, rund 1250 Stellen in Niedersachsen k\u00f6nnten nicht nachbesetzt werden.&nbsp;Am 9. Oktober wird in Niedersachsen ein neuer Landtag gew\u00e4hlt. &nbsp; Die Politik d\u00fcrfe die Menschen bei der Gesundheitsversorgung nicht alleine lassen, sagte Stubbe. \u00abOb jung oder alt &#8211; wer krank ist, kann h\u00e4ufig keine stundenlange Fahrt bis&#8230;<\/p>\n","protected":false},"author":7,"featured_media":0,"comment_status":"false","ping_status":"open","sticky":false,"template":"","format":"standard","meta":{"footnotes":""},"categories":[43],"tags":[44],"class_list":["post-22196","post","type-post","status-publish","format-standard","hentry","category-kirche-oldenburg","tag-kirche-oldenburg"],"_links":{"self":[{"href":"https:\/\/christusnews.de\/site\/wp-json\/wp\/v2\/posts\/22196","targetHints":{"allow":["GET"]}}],"collection":[{"href":"https:\/\/christusnews.de\/site\/wp-json\/wp\/v2\/posts"}],"about":[{"href":"https:\/\/christusnews.de\/site\/wp-json\/wp\/v2\/types\/post"}],"author":[{"embeddable":true,"href":"https:\/\/christusnews.de\/site\/wp-json\/wp\/v2\/users\/7"}],"replies":[{"embeddable":true,"href":"https:\/\/christusnews.de\/site\/wp-json\/wp\/v2\/comments?post=22196"}],"version-history":[{"count":1,"href":"https:\/\/christusnews.de\/site\/wp-json\/wp\/v2\/posts\/22196\/revisions"}],"predecessor-version":[{"id":22197,"href":"https:\/\/christusnews.de\/site\/wp-json\/wp\/v2\/posts\/22196\/revisions\/22197"}],"wp:attachment":[{"href":"https:\/\/christusnews.de\/site\/wp-json\/wp\/v2\/media?parent=22196"}],"wp:term":[{"taxonomy":"category","embeddable":true,"href":"https:\/\/christusnews.de\/site\/wp-json\/wp\/v2\/categories?post=22196"},{"taxonomy":"post_tag","embeddable":true,"href":"https:\/\/christusnews.de\/site\/wp-json\/wp\/v2\/tags?post=22196"}],"curies":[{"name":"wp","href":"https:\/\/api.w.org\/{rel}","templated":true}]}}