{"id":22204,"date":"2022-09-20T17:11:00","date_gmt":"2022-09-20T15:11:00","guid":{"rendered":"https:\/\/christusnews.de\/site\/konfi-zeit-geht-weiter-nach-den-ferien-und-dem-wildflecken-konficamp-geht-es-weiter-mit-konfi-nachmittagen-in-den-gemeindehaeusern-heppens-und-neuende-wir-starten-mit-einer-rallye-durch-den-stadttei\/"},"modified":"2022-09-20T23:17:27","modified_gmt":"2022-09-20T21:17:27","slug":"konfi-zeit-geht-weiter-nach-den-ferien-und-dem-wildflecken-konficamp-geht-es-weiter-mit-konfi-nachmittagen-in-den-gemeindehaeusern-heppens-und-neuende-wir-starten-mit-einer-rallye-durch-den-stadttei","status":"publish","type":"post","link":"https:\/\/christusnews.de\/site\/konfi-zeit-geht-weiter-nach-den-ferien-und-dem-wildflecken-konficamp-geht-es-weiter-mit-konfi-nachmittagen-in-den-gemeindehaeusern-heppens-und-neuende-wir-starten-mit-einer-rallye-durch-den-stadttei\/","title":{"rendered":"Konfi Zeit geht weiter \nNach den Ferien und dem Wildflecken Konficamp geht es weiter mit Konfi Nachmittagen in den Gemeindeh\u00e4usern Heppens und Neuende. Wir starten mit einer Rallye durch den Stadtteil .\n\nF\u00fcr den neuen Jahrgang k\u00f6nnt ihr euch noch anmelden. Da geht es Donnerstag weiter\n\n#konfizeitwhvsued #konfer #jugendarbeit #konfirmation"},"content":{"rendered":"<p>Konfi Zeit geht weiter<br \/>\nNach den Ferien und dem Wildflecken Konficamp geht es weiter mit Konfi Nachmittagen in den Gemeindeh\u00e4usern Heppens und Neuende. Wir starten mit einer Rallye durch den Stadtteil .<\/p>\n<p>F\u00fcr den neuen Jahrgang k\u00f6nnt ihr euch noch anmelden. Da geht es Donnerstag weiter<\/p>\n<p>#konfizeitwhvsued #konfer #jugendarbeit #konfirmation<br \/>\nHAVENKIRCHE@FB<br \/>\n<a href=\"https:\/\/www.facebook.com\/112846133689282\/posts\/633105464996677\/\" target=\"_blank\" rel=\"noopener\">Konfi Zeit geht weiter<br \/>\nNach den Ferien und dem Wildflecken Konficamp geht es weiter mit Konfi Nachmittagen in den Gemeindeh\u00e4usern Heppens und Neuende. Wir starten mit einer Rallye durch den Stadtteil .<\/p>\n<p>F\u00fcr den neuen Jahrgang k\u00f6nnt ihr euch noch anmelden. Da geht es Donnerstag weiter<\/p>\n<p>#konfizeitwhvsued #konfer #jugendarbeit #konfirmation<\/a><\/p>\n","protected":false},"excerpt":{"rendered":"<p>Konfi Zeit geht weiter Nach den Ferien und dem Wildflecken Konficamp geht es weiter mit Konfi Nachmittagen in den Gemeindeh\u00e4usern Heppens und Neuende. Wir starten mit einer Rallye durch den Stadtteil . F\u00fcr den neuen Jahrgang k\u00f6nnt ihr euch noch anmelden. Da geht es Donnerstag weiter #konfizeitwhvsued #konfer #jugendarbeit #konfirmation HAVENKIRCHE@FB Konfi Zeit geht weiter Nach den Ferien und dem Wildflecken Konficamp geht es weiter mit Konfi Nachmittagen in den Gemeindeh\u00e4usern Heppens und Neuende. Wir starten mit einer Rallye durch den Stadtteil . F\u00fcr den neuen Jahrgang k\u00f6nnt ihr euch noch anmelden. Da geht es Donnerstag weiter #konfizeitwhvsued #konfer #jugendarbeit&#8230;<\/p>\n","protected":false},"author":6,"featured_media":0,"comment_status":"false","ping_status":"open","sticky":false,"template":"","format":"standard","meta":{"footnotes":""},"categories":[75],"tags":[76],"class_list":["post-22204","post","type-post","status-publish","format-standard","hentry","category-havenkirche","tag-havenkirche"],"_links":{"self":[{"href":"https:\/\/christusnews.de\/site\/wp-json\/wp\/v2\/posts\/22204","targetHints":{"allow":["GET"]}}],"collection":[{"href":"https:\/\/christusnews.de\/site\/wp-json\/wp\/v2\/posts"}],"about":[{"href":"https:\/\/christusnews.de\/site\/wp-json\/wp\/v2\/types\/post"}],"author":[{"embeddable":true,"href":"https:\/\/christusnews.de\/site\/wp-json\/wp\/v2\/users\/6"}],"replies":[{"embeddable":true,"href":"https:\/\/christusnews.de\/site\/wp-json\/wp\/v2\/comments?post=22204"}],"version-history":[{"count":1,"href":"https:\/\/christusnews.de\/site\/wp-json\/wp\/v2\/posts\/22204\/revisions"}],"predecessor-version":[{"id":22205,"href":"https:\/\/christusnews.de\/site\/wp-json\/wp\/v2\/posts\/22204\/revisions\/22205"}],"wp:attachment":[{"href":"https:\/\/christusnews.de\/site\/wp-json\/wp\/v2\/media?parent=22204"}],"wp:term":[{"taxonomy":"category","embeddable":true,"href":"https:\/\/christusnews.de\/site\/wp-json\/wp\/v2\/categories?post=22204"},{"taxonomy":"post_tag","embeddable":true,"href":"https:\/\/christusnews.de\/site\/wp-json\/wp\/v2\/tags?post=22204"}],"curies":[{"name":"wp","href":"https:\/\/api.w.org\/{rel}","templated":true}]}}