{"id":22206,"date":"2022-09-20T08:35:00","date_gmt":"2022-09-20T06:35:00","guid":{"rendered":"https:\/\/christusnews.de\/site\/tierschuetzer-planen-protestaktionen-im-oldenburger-muensterland\/"},"modified":"2022-09-21T11:17:26","modified_gmt":"2022-09-21T09:17:26","slug":"tierschuetzer-planen-protestaktionen-im-oldenburger-muensterland","status":"publish","type":"post","link":"https:\/\/christusnews.de\/site\/tierschuetzer-planen-protestaktionen-im-oldenburger-muensterland\/","title":{"rendered":"Tiersch\u00fctzer planen Protestaktionen im Oldenburger M\u00fcnsterland"},"content":{"rendered":"<p class=\"MsoPlainText\">Vechta (epd). Das \u00abB\u00fcndnis Gemeinsam gegen die Tierindustrie\u00bb hat zahlreiche Protestaktionen vom 23. bis 27. September im Oldenburger M\u00fcnsterland angek\u00fcndigt. Geplant seien unter anderem eine Demonstration am 24. September in Vechta,ein Camp in Quakenbr\u00fcck, sowie Infoveranstaltungen und weitere Protestaktionen, sagte B\u00fcndnissprecherin Franziska Klein am Dienstag dem Evangelischen Pressedienst (epd).<\/p>\n<p class=\"MsoPlainText\">&nbsp;<\/p>\n<p class=\"MsoPlainText\">Das B\u00fcndnis fordere den Ausstieg aus der Tierindustrie sowie eine solidarische und \u00f6kologische Agrarwende. Das Oldenburger M\u00fcnsterland weise deutschlandweit eine der h\u00f6chsten Dichten an Tierfabriken und Schlachth\u00f6fen auf. \u00abWir gehen in den Hotspot der Fleischkonzerne, wo sich die Tierindustrie am wohlsten f\u00fchlt\u00bb, sagte Klein.<\/p>\n<p class=\"MsoPlainText\">&nbsp;<\/p>\n<p class=\"MsoPlainText\">In dem Protestcamp k\u00f6nnten Workshops zum politischen Engagement f\u00fcr eine zukunftsf\u00e4hige Landwirtschaft besucht werden, sagte Klein. \u00abAn einer konsequenten Agrar- und Ern\u00e4hrungswende f\u00fchrt kein Weg vorbei.\u00bb Anstatt knappe Ressourcen wie Ackerland und Getreide f\u00fcr die Tiermast zu nutzen, werde eine pflanzenbasierte und \u00f6kologische Landwirtschaft f\u00fcr Menschen ben\u00f6tigt.<\/p>\n<p>Kirche-Oldenburg<br \/>\n<a href=\"https:\/\/www.kirche-oldenburg.de\/\/aktuell\/news-niedersachsen\/artikel\/tierschuetzer-planen-protestaktionen-im-oldenburger-muensterland\" target=\"_blank\" rel=\"noopener\">Tiersch\u00fctzer planen Protestaktionen im Oldenburger M\u00fcnsterland<\/a><\/p>\n","protected":false},"excerpt":{"rendered":"<p>Vechta (epd). Das \u00abB\u00fcndnis Gemeinsam gegen die Tierindustrie\u00bb hat zahlreiche Protestaktionen vom 23. bis 27. September im Oldenburger M\u00fcnsterland angek\u00fcndigt. Geplant seien unter anderem eine Demonstration am 24. September in Vechta,ein Camp in Quakenbr\u00fcck, sowie Infoveranstaltungen und weitere Protestaktionen, sagte B\u00fcndnissprecherin Franziska Klein am Dienstag dem Evangelischen Pressedienst (epd). &nbsp; Das B\u00fcndnis fordere den Ausstieg aus der Tierindustrie sowie eine solidarische und \u00f6kologische Agrarwende. Das Oldenburger M\u00fcnsterland weise deutschlandweit eine der h\u00f6chsten Dichten an Tierfabriken und Schlachth\u00f6fen auf. \u00abWir gehen in den Hotspot der Fleischkonzerne, wo sich die Tierindustrie am wohlsten f\u00fchlt\u00bb, sagte Klein. &nbsp; In dem Protestcamp k\u00f6nnten Workshops&#8230;<\/p>\n","protected":false},"author":7,"featured_media":0,"comment_status":"false","ping_status":"open","sticky":false,"template":"","format":"standard","meta":{"footnotes":""},"categories":[43],"tags":[44],"class_list":["post-22206","post","type-post","status-publish","format-standard","hentry","category-kirche-oldenburg","tag-kirche-oldenburg"],"_links":{"self":[{"href":"https:\/\/christusnews.de\/site\/wp-json\/wp\/v2\/posts\/22206","targetHints":{"allow":["GET"]}}],"collection":[{"href":"https:\/\/christusnews.de\/site\/wp-json\/wp\/v2\/posts"}],"about":[{"href":"https:\/\/christusnews.de\/site\/wp-json\/wp\/v2\/types\/post"}],"author":[{"embeddable":true,"href":"https:\/\/christusnews.de\/site\/wp-json\/wp\/v2\/users\/7"}],"replies":[{"embeddable":true,"href":"https:\/\/christusnews.de\/site\/wp-json\/wp\/v2\/comments?post=22206"}],"version-history":[{"count":1,"href":"https:\/\/christusnews.de\/site\/wp-json\/wp\/v2\/posts\/22206\/revisions"}],"predecessor-version":[{"id":22207,"href":"https:\/\/christusnews.de\/site\/wp-json\/wp\/v2\/posts\/22206\/revisions\/22207"}],"wp:attachment":[{"href":"https:\/\/christusnews.de\/site\/wp-json\/wp\/v2\/media?parent=22206"}],"wp:term":[{"taxonomy":"category","embeddable":true,"href":"https:\/\/christusnews.de\/site\/wp-json\/wp\/v2\/categories?post=22206"},{"taxonomy":"post_tag","embeddable":true,"href":"https:\/\/christusnews.de\/site\/wp-json\/wp\/v2\/tags?post=22206"}],"curies":[{"name":"wp","href":"https:\/\/api.w.org\/{rel}","templated":true}]}}