{"id":22208,"date":"2022-09-20T08:33:00","date_gmt":"2022-09-20T06:33:00","guid":{"rendered":"https:\/\/christusnews.de\/site\/aktionswoche-ruft-auf-rettet-lebensmittel\/"},"modified":"2022-09-21T11:17:27","modified_gmt":"2022-09-21T09:17:27","slug":"aktionswoche-ruft-auf-rettet-lebensmittel","status":"publish","type":"post","link":"https:\/\/christusnews.de\/site\/aktionswoche-ruft-auf-rettet-lebensmittel\/","title":{"rendered":"Aktionswoche ruft auf: \u00abRettet Lebensmittel\u00bb"},"content":{"rendered":"<p class=\"MsoPlainText\">Oldenburg (epd). Das Zentrum f\u00fcr Ern\u00e4hrung und Hauswirtschaft Niedersachsen (ZEHN) ruft zur Teilnahme an der bundesweiten Aktionswoche \u00abDeutschland rettet Lebensmittel!\u00bb auf. \u00abNoch immer entsteht \u00fcber die H\u00e4lfte der Lebensmittelabf\u00e4lle in privaten Haushalten\u00bb, teilte das Zentrum am Dienstag in Oldenburg mit. Darum stehe bei der vom Bundeslandwirtschaftsministerium initiierten Aktion im Fokus, \u00abwas jede und jeder in den eigenen vier W\u00e4nden konkret umsetzen kann, um die Lebensmittelverschwendung zu reduzieren?\u00bb Vom 29. September bis zum 6. Oktober k\u00f6nnten sich alle mit kreativen Ideen beteiligen.<\/p>\n<p class=\"MsoPlainText\">&nbsp;<\/p>\n<p class=\"MsoPlainText\">Das Oldenburger Zentrum selbst stellt gemeinsam mit nieders\u00e4chsischen B\u00e4ckereien die Aktion #brotretten in den Mittelpunkt. Teilnehmende B\u00e4ckereien verteilten Br\u00f6tchent\u00fcten mit einem Reste-Rezept sowie Informationen zur Lagerung von Brot. Jede Person entsorge j\u00e4hrlich mehr als 10 Kilogramm Brot und Backwaren, hie\u00df es. Niedersachsens Landwirtschaftsministerin Barbara Otte-Kinast (CDU) sagte: \u00abJede und jeder kann aktiv etwas f\u00fcr mehr Nachhaltigkeit und Lebensmittelwertsch\u00e4tzung machen!\u00bb<\/p>\n<p class=\"MsoPlainText\">&nbsp;<\/p>\n<p class=\"MsoPlainText\">Dazu gibt es den Angaben zufolge ein Angebot aus unterschiedlichsten, kreativen Mitmach-Aktionen in den Bereichen Landwirtschaft und Verarbeitung, Handel, Au\u00dfer-Haus-Verpflegung, Schulen und Kitas sowie f\u00fcr zu Hause. Auch Privatpersonen und Vereine k\u00f6nnten eine Aktion ins Leben rufen und diese auf der ZEHN-Website ver\u00f6ffentlichen. In Niedersachsen beteiligten sich bislang 15 Organisationen. Das Angebot reiche von einer Schnippeldisco in Jever \u00fcber einen Fotowettbewerb f\u00fcr Obst und Gem\u00fcse mit Sch\u00f6nheitsfehlern bis hin zu Webvortr\u00e4gen und Podcasts.<\/p>\n<p>Kirche-Oldenburg<br \/>\n<a href=\"https:\/\/www.kirche-oldenburg.de\/\/aktuell\/news-niedersachsen\/artikel\/aktionswoche-ruft-auf-rettet-lebensmittel\" target=\"_blank\" rel=\"noopener\">Aktionswoche ruft auf: \u00abRettet Lebensmittel\u00bb<\/a><\/p>\n","protected":false},"excerpt":{"rendered":"<p>Oldenburg (epd). Das Zentrum f\u00fcr Ern\u00e4hrung und Hauswirtschaft Niedersachsen (ZEHN) ruft zur Teilnahme an der bundesweiten Aktionswoche \u00abDeutschland rettet Lebensmittel!\u00bb auf. \u00abNoch immer entsteht \u00fcber die H\u00e4lfte der Lebensmittelabf\u00e4lle in privaten Haushalten\u00bb, teilte das Zentrum am Dienstag in Oldenburg mit. Darum stehe bei der vom Bundeslandwirtschaftsministerium initiierten Aktion im Fokus, \u00abwas jede und jeder in den eigenen vier W\u00e4nden konkret umsetzen kann, um die Lebensmittelverschwendung zu reduzieren?\u00bb Vom 29. September bis zum 6. Oktober k\u00f6nnten sich alle mit kreativen Ideen beteiligen. &nbsp; Das Oldenburger Zentrum selbst stellt gemeinsam mit nieders\u00e4chsischen B\u00e4ckereien die Aktion #brotretten in den Mittelpunkt. Teilnehmende B\u00e4ckereien verteilten&#8230;<\/p>\n","protected":false},"author":7,"featured_media":0,"comment_status":"false","ping_status":"open","sticky":false,"template":"","format":"standard","meta":{"footnotes":""},"categories":[43],"tags":[44],"class_list":["post-22208","post","type-post","status-publish","format-standard","hentry","category-kirche-oldenburg","tag-kirche-oldenburg"],"_links":{"self":[{"href":"https:\/\/christusnews.de\/site\/wp-json\/wp\/v2\/posts\/22208","targetHints":{"allow":["GET"]}}],"collection":[{"href":"https:\/\/christusnews.de\/site\/wp-json\/wp\/v2\/posts"}],"about":[{"href":"https:\/\/christusnews.de\/site\/wp-json\/wp\/v2\/types\/post"}],"author":[{"embeddable":true,"href":"https:\/\/christusnews.de\/site\/wp-json\/wp\/v2\/users\/7"}],"replies":[{"embeddable":true,"href":"https:\/\/christusnews.de\/site\/wp-json\/wp\/v2\/comments?post=22208"}],"version-history":[{"count":1,"href":"https:\/\/christusnews.de\/site\/wp-json\/wp\/v2\/posts\/22208\/revisions"}],"predecessor-version":[{"id":22209,"href":"https:\/\/christusnews.de\/site\/wp-json\/wp\/v2\/posts\/22208\/revisions\/22209"}],"wp:attachment":[{"href":"https:\/\/christusnews.de\/site\/wp-json\/wp\/v2\/media?parent=22208"}],"wp:term":[{"taxonomy":"category","embeddable":true,"href":"https:\/\/christusnews.de\/site\/wp-json\/wp\/v2\/categories?post=22208"},{"taxonomy":"post_tag","embeddable":true,"href":"https:\/\/christusnews.de\/site\/wp-json\/wp\/v2\/tags?post=22208"}],"curies":[{"name":"wp","href":"https:\/\/api.w.org\/{rel}","templated":true}]}}