{"id":22218,"date":"2022-09-22T14:45:31","date_gmt":"2022-09-22T12:45:31","guid":{"rendered":"https:\/\/christusnews.de\/site\/strahlende-kinderaugen-bananenbrot-backaktion-in-dikita-in-osternburg\/"},"modified":"2022-09-22T23:18:05","modified_gmt":"2022-09-22T21:18:05","slug":"strahlende-kinderaugen-bananenbrot-backaktion-in-dikita-in-osternburg","status":"publish","type":"post","link":"https:\/\/christusnews.de\/site\/strahlende-kinderaugen-bananenbrot-backaktion-in-dikita-in-osternburg\/","title":{"rendered":"Strahlende Kinderaugen: Bananenbrot-Backaktion in DiKita in Osternburg"},"content":{"rendered":"<p>Stolz und mit strahlenden Augen sitzen die f\u00fcnf Kinder der ABC-Piraten in \u201eDiKita\u201c in Oldenburg-Osternburg am festlich geschm\u00fcckten Fr\u00fchst\u00fcckstisch und zerteilen ihr gerade frisch gebackenes Bananenbrot. Mika, Mavi, Jonte, Malak und Lia sind Vorschulkinder und besuchen die Diakonie-Kindertagesst\u00e4tte. Das Bananenbrot haben sie wenige Minuten zuvor gemeinsam mit den Erzieherinnen Franzi Sendek und Aileen Z\u00f6rner aus der Backr\u00f6hre gezogen. Stolz sind sie, weil sie den Teig f\u00fcr das Bananenbrot selbst vorbereitet und nur fair gehandelte Zutaten verwendet haben. Das Abwiegen und Vermischen der Zutaten, das Aufschlagen der Eier, alles haben die Vorschulkinder selbst \u00fcbernommen. Nun sitzen sie zusammen und genie\u00dfen mit fair gehandelten Fruchts\u00e4ften das Ergebnis ihrer eigenen H\u00e4nde Arbeit. Schon nach wenigen Minuten sind auch nur noch vereinzelte Kr\u00fcmel \u00fcbrig.<\/p>\n<p>Bereits die ganze Woche hat sich die Gruppe mit \u201eFair steht dir \u2013 #Fairhandeln f\u00fcr Menschenrechte weltweit\u201c besch\u00e4ftigt. Die Aktionswoche zum fairen Handel bietet bundesweit rund 2.000 Projekte und Aktionen an. F\u00fcr DiKita-Leiterin Nicole Eilers ist es wichtig, dass die Kinder ein Gesp\u00fcr daf\u00fcr bekommen, dass der Besuch einer Kita oder einer Schule nicht \u00fcberall auf der Welt selbstverst\u00e4ndlich ist. Es gebe viele Regionen weltweit, wo auch Kinder zum Familieneinkommen beitragen und arbeiten m\u00fcssten. Fair gehandelte Lebensmittel und Produkte seien f\u00fcr diese Familien eine gro\u00dfe Unterst\u00fctzung, um Kindern den Schulbesuch zu erm\u00f6glichen. Daher habe in dieser Woche das Kennenlernen von fair gehandelten Produkten im Fokus gestanden. Die Kinder h\u00e4tten auch probieren k\u00f6nnen, dass fair gehandelte Bananen und Honig richtig gut schmecken.&nbsp;<\/p>\n<p><strong>Kampf gegen&nbsp;gegen Hunger, Armut und Ungerechtigkeit<\/strong><\/p>\n<p>Da die Kita zum Diakonischen Werk geh\u00f6re, habe sich angeboten, auch die Arbeit von \u201eBrot f\u00fcr die Welt\u201c vorzustellen, so Eilers. Das evangelische Hilfswerk setzt sich weltweit in mehr als 90 L\u00e4ndern gegen Hunger, Armut und Ungerechtigkeit und f\u00fcr faire Handelsbeziehungen ein und bek\u00e4mpft mit seinen Projekten die Kinderarbeit in vielen L\u00e4ndern.<\/p>\n<p><strong>Reise zu Lucero in Peru<\/strong><\/p>\n<p>Marius Bl\u00fcmel, Referent f\u00fcr \u201eBrot f\u00fcr die Welt\u201c im Oldenburger Land, hat die Vorschulkinder daher auch auf eine Reise nach Peru mitgenommen. Gemeinsam mit den Kindern f\u00e4hrt er mit dem Finger die lange Reise auf der Weltkarte nach und landet in dem kleinen Dorf La Huaca im Norden Perus. Dort lebt die achtj\u00e4hrige Lucero, die dank eines Projektes von \u201eBrot f\u00fcr die Welt\u201c die Schule besuchen kann. Ihre Familie sind Kleinbauern, die im Rahmen dieses Projektes Bio-Bananen anbauen und faire Erzeugerpreise erhalten. Die Vereinigung der Bauernfamilien des fairen Handels zahlt dann auch f\u00fcr alle Kinder der Mitglieder das Schulgeld. Fr\u00fcher h\u00e4tten die Kleinbauern alle allein und f\u00fcr sich gearbeitet. Nun k\u00f6nnten sie als Teil der Kooperative ganz anders verhandeln und faire Preis durchsetzen. Mit dem Ergebnis, dass die Kinder nicht mehr auf den Feldern mitarbeiten m\u00fcssen und Zeit f\u00fcr den Schulbesuch haben.<\/p>\n<p><strong>Diskussion \u00fcber Einkaufsgewohnheiten am heimischen K\u00fcchentisch<\/strong><\/p>\n<p>F\u00fcr die ABC-Piraten in der \u201eDiKita\u201c klingt das alles ganz logisch. Was es hei\u00dft, als Kind den ganzen Tag auf den Feldern mitzuarbeiten, k\u00f6nnen sie sich nicht so richtig vorstellen. Sie finden es eher normal, dass sich die Kinder in Peru auf die Schule freuen k\u00f6nnen. Dass daf\u00fcr fair gehandelte Produkte notwendig sind, das finden sie allerdings selbstverst\u00e4ndlich. M\u00f6glicherweise ergibt sich daraus die eine oder andere Diskussion \u00fcber Einkaufsgewohnheiten am heimischen K\u00fcchentisch.<\/p>\n<p>Kirche-Oldenburg<br \/>\n<a href=\"https:\/\/www.kirche-oldenburg.de\/\/aktuell\/pressemitteilungen\/artikel\/strahlende-kinderaugen-bananenbrot-backaktion-in-dikita-in-osternburg\" target=\"_blank\" rel=\"noopener\">Strahlende Kinderaugen: Bananenbrot-Backaktion in DiKita in Osternburg<\/a><\/p>\n","protected":false},"excerpt":{"rendered":"<p>Stolz und mit strahlenden Augen sitzen die f\u00fcnf Kinder der ABC-Piraten in \u201eDiKita\u201c in Oldenburg-Osternburg am festlich geschm\u00fcckten Fr\u00fchst\u00fcckstisch und zerteilen ihr gerade frisch gebackenes Bananenbrot. Mika, Mavi, Jonte, Malak und Lia sind Vorschulkinder und besuchen die Diakonie-Kindertagesst\u00e4tte. Das Bananenbrot haben sie wenige Minuten zuvor gemeinsam mit den Erzieherinnen Franzi Sendek und Aileen Z\u00f6rner aus der Backr\u00f6hre gezogen. Stolz sind sie, weil sie den Teig f\u00fcr das Bananenbrot selbst vorbereitet und nur fair gehandelte Zutaten verwendet haben. Das Abwiegen und Vermischen der Zutaten, das Aufschlagen der Eier, alles haben die Vorschulkinder selbst \u00fcbernommen. Nun sitzen sie zusammen und genie\u00dfen mit&#8230;<\/p>\n","protected":false},"author":7,"featured_media":0,"comment_status":"false","ping_status":"open","sticky":false,"template":"","format":"standard","meta":{"footnotes":""},"categories":[43],"tags":[44],"class_list":["post-22218","post","type-post","status-publish","format-standard","hentry","category-kirche-oldenburg","tag-kirche-oldenburg"],"_links":{"self":[{"href":"https:\/\/christusnews.de\/site\/wp-json\/wp\/v2\/posts\/22218","targetHints":{"allow":["GET"]}}],"collection":[{"href":"https:\/\/christusnews.de\/site\/wp-json\/wp\/v2\/posts"}],"about":[{"href":"https:\/\/christusnews.de\/site\/wp-json\/wp\/v2\/types\/post"}],"author":[{"embeddable":true,"href":"https:\/\/christusnews.de\/site\/wp-json\/wp\/v2\/users\/7"}],"replies":[{"embeddable":true,"href":"https:\/\/christusnews.de\/site\/wp-json\/wp\/v2\/comments?post=22218"}],"version-history":[{"count":1,"href":"https:\/\/christusnews.de\/site\/wp-json\/wp\/v2\/posts\/22218\/revisions"}],"predecessor-version":[{"id":22219,"href":"https:\/\/christusnews.de\/site\/wp-json\/wp\/v2\/posts\/22218\/revisions\/22219"}],"wp:attachment":[{"href":"https:\/\/christusnews.de\/site\/wp-json\/wp\/v2\/media?parent=22218"}],"wp:term":[{"taxonomy":"category","embeddable":true,"href":"https:\/\/christusnews.de\/site\/wp-json\/wp\/v2\/categories?post=22218"},{"taxonomy":"post_tag","embeddable":true,"href":"https:\/\/christusnews.de\/site\/wp-json\/wp\/v2\/tags?post=22218"}],"curies":[{"name":"wp","href":"https:\/\/api.w.org\/{rel}","templated":true}]}}