{"id":22220,"date":"2022-09-23T18:51:19","date_gmt":"2022-09-23T16:51:19","guid":{"rendered":"https:\/\/christusnews.de\/site\/oldenburgische-kirche-beteiligt-sich-am-klimastreik-in-oldenburg\/"},"modified":"2022-09-23T23:17:36","modified_gmt":"2022-09-23T21:17:36","slug":"oldenburgische-kirche-beteiligt-sich-am-klimastreik-in-oldenburg","status":"publish","type":"post","link":"https:\/\/christusnews.de\/site\/oldenburgische-kirche-beteiligt-sich-am-klimastreik-in-oldenburg\/","title":{"rendered":"Oldenburgische Kirche beteiligt sich am Klimastreik in Oldenburg"},"content":{"rendered":"<p>Der oldenburgische Bischof Thomas Adomeit hat sich am Freitag, 23. September, gemeinsam mit jungen Menschen aus der oldenburgischen Kirche am globalen Klimastreik von \u201eFridays for Future\u201c beteiligt. \u201eTrotz des Krieges in der Ukraine schreitet der Klimawandel voran\u201c, mahnte er. Auch wenn andere Themen die Menschen aktuell sehr besch\u00e4ftigten, d\u00fcrfe das Klimaproblem nicht aus den Augen verloren werden. Zusammen mit jungen Menschen demonstrierte er f\u00fcr die Einhaltung der Klimaschutzziele. Nach Angaben eines Sprechers von \u201eFridays f\u00fcr Future\u201c nahmen rund 2.000 Menschen am Demonstrationszug in Oldenburg teil.<\/p>\n<p>Zuvor hatte Adomeit an einem Infostand des evangelischen Hilfswerks \u201eBrot f\u00fcr die Welt\u201c den \u00f6kologischen Fu\u00dfabdruck seiner pers\u00f6nlichen Ern\u00e4hrung ermittelt. Anhand von sechs Fragen zu den pers\u00f6nlichen Ern\u00e4hrungsgewohnheiten wurde der daf\u00fcr notwendige Fl\u00e4chenverbrauch auf einer Skala ermittelt. Dabei lag Bischof Adomeit leicht \u00fcber dem Wert der Abiturientin Tirza Scheuer, die sich vegetarisch ern\u00e4hrt. Adomeit zeigte sich erstaunt, dass dabei der t\u00e4gliche Konsum von K\u00e4se, Eiern, Joghurt, Butter und Milch nahezu in gleicher Weise zu Buche schl\u00e4gt wie der Konsum von Fleisch und Wurst. Er werde in Zukunft versuchen, noch \u00f6fter regional und saisonal einzukaufen und auf Milchprodukte \u00f6fter zu verzichten, so Adomeit. Vegetarierin Tirza Scheuer sieht auch genau an dieser Stelle eine M\u00f6glichkeit, ihren \u00f6kologischen Fu\u00dfabdruck noch weiter zu verbessern. Dass sie sich vegetarisch ern\u00e4hre, reiche nicht aus, so ihr Fazit.<\/p>\n<p><strong>Es braucht radikale Ver\u00e4nderungen, um das Zwei-Grad-Ziel zu erreichen<\/strong><\/p>\n<p>An einem Stand des Aktionsb\u00fcndnisses \u201eOldenburg handelt fair\u201c kam Bischof Adomeit mit dem Abiturienten Matthew von Fintel aus Wilhelmshaven ins Gespr\u00e4ch. Beide beteiligten sich an einer Aktion mit einem Gl\u00fccksrad mit Fragen zu den 17 globalen Nachhaltigkeitszielen der Vereinten Nationen. Auf die Frage, welche H\u00f6chstmenge CO2 jeder Mensch pro Jahr verursachen d\u00fcrfe, damit der Anstieg der globalen Erw\u00e4rmung auf mehr als zwei Grad verhindert werden k\u00f6nne, entschieden sich beide spontan f\u00fcr die richtige Antwort: zwei Tonnen. Auf den Hinweis, dass in Deutschland die Pro-Kopf-Emission allerdings rund zehn Tonnen betrage, betonte Bischof Adomeit, dass ein Halbieren des CO2-Aussto\u00dfes bei weitem nicht ausreichen werde. F\u00fcr Matthew von Fintel steht fest, dass es radikale Ver\u00e4nderungen brauche, um das Zwei-Grad-Ziel \u00fcberhaupt noch im Blick zu behalten und um irreversible Sch\u00e4den irgendwie einzuschr\u00e4nken.<\/p>\n<p><strong>Mehr Klimaschutz in Kommunen, St\u00e4dten und Kirchen<\/strong><\/p>\n<p>Matthew von Fintel forderte mehr Klimaschutz \u2013 in den Kommunen und St\u00e4dten, aber auch in den Kirchen. \u201eBei uns in Wilhelmshaven sind die Radwege schrecklich, Autos haben immer Vorrang\u201c, sagte er. \u201eDa wird \u00fcberhaupt nicht genug f\u00fcr das Klima getan.\u201c Der Abiturient hat den ersten Streik in Wilhelmshaven 2019 mit organisiert. Und er sieht gerade die Kirchen in der Pflicht: \u201eAls gro\u00dfe Arbeitgeberin mit vielen Geb\u00e4uden m\u00fcssen sie nachhaltig handeln \u2013 egal ob es um Heizungen geht oder um Geldanlagen.\u201c Gleichzeitig, findet von Fintel, sollten Pastorinnen und Pastoren die Botschaft vom Klimaschutz auch in den Gemeinden verbreiten: \u201eDie Bewahrung der Sch\u00f6pfung muss doch Teil der christlichen Kernbotschaft sein!\u201c Politik und auch die Kirchen t\u00e4ten noch nicht genug, so der 18-J\u00e4hrige. \u201eIch lese doch Nachrichten und kriege mit, was schiefl\u00e4uft. Es kommt jetzt vielleicht etwas voran. Aber es m\u00fcssen auch echt noch viele Sachen anders werden.\u201c<\/p>\n<p><strong>Einsatz junger Menschen f\u00fcr Klimaschutz unterst\u00fctzen<\/strong><\/p>\n<p>Bischof Adomeit zeigte sich sehr beeindruckt \u201evom Engagement dieser vielen jungen Menschen f\u00fcr den Klimaschutz. Diesen Einsatz will ich unterst\u00fctzen und st\u00e4rken\u00bb, betonte der Bischof.<\/p>\n<p>Bundesweit waren zum elften globalen Klimastreik nach Angaben der Klimaschutzinitiative allein in Deutschland rund 240 Aktionen geplant. \u201eKlimakatastrophen wie \u00dcberschwemmungen, Trockenheit und Hitzewellen werden immer h\u00e4ufiger und verursachen besonders im globalen S\u00fcden unvorstellbares Leid\u201c, hie\u00df es im Aufruf zum Klimastreik. Unter anderem in Aurich, Bremerhaven, G\u00f6ttingen, L\u00fcneburg, Oldenburg und Osnabr\u00fcck gingen Tausende Menschen auf die Stra\u00dfe, um f\u00fcr einen entschlossenen Einsatz gegen die Erderw\u00e4rmung zu demonstrieren. In den beiden Bundesl\u00e4ndern war rund 20 Demonstrationen aufgerufen worden, darunter auch in Bremen, Hannover und Braunschweig.<\/p>\n<p>&nbsp;<\/p>\n<p>Kirche-Oldenburg<br \/>\n<a href=\"https:\/\/www.kirche-oldenburg.de\/\/aktuell\/pressemitteilungen\/artikel\/oldenburgische-kirche-beteiligt-sich-am-klimastreik-in-oldenburg\" target=\"_blank\" rel=\"noopener\">Oldenburgische Kirche beteiligt sich am Klimastreik in Oldenburg<\/a><\/p>\n","protected":false},"excerpt":{"rendered":"<p>Der oldenburgische Bischof Thomas Adomeit hat sich am Freitag, 23. September, gemeinsam mit jungen Menschen aus der oldenburgischen Kirche am globalen Klimastreik von \u201eFridays for Future\u201c beteiligt. \u201eTrotz des Krieges in der Ukraine schreitet der Klimawandel voran\u201c, mahnte er. Auch wenn andere Themen die Menschen aktuell sehr besch\u00e4ftigten, d\u00fcrfe das Klimaproblem nicht aus den Augen verloren werden. Zusammen mit jungen Menschen demonstrierte er f\u00fcr die Einhaltung der Klimaschutzziele. Nach Angaben eines Sprechers von \u201eFridays f\u00fcr Future\u201c nahmen rund 2.000 Menschen am Demonstrationszug in Oldenburg teil. Zuvor hatte Adomeit an einem Infostand des evangelischen Hilfswerks \u201eBrot f\u00fcr die Welt\u201c den \u00f6kologischen&#8230;<\/p>\n","protected":false},"author":7,"featured_media":0,"comment_status":"false","ping_status":"open","sticky":false,"template":"","format":"standard","meta":{"footnotes":""},"categories":[43],"tags":[44],"class_list":["post-22220","post","type-post","status-publish","format-standard","hentry","category-kirche-oldenburg","tag-kirche-oldenburg"],"_links":{"self":[{"href":"https:\/\/christusnews.de\/site\/wp-json\/wp\/v2\/posts\/22220","targetHints":{"allow":["GET"]}}],"collection":[{"href":"https:\/\/christusnews.de\/site\/wp-json\/wp\/v2\/posts"}],"about":[{"href":"https:\/\/christusnews.de\/site\/wp-json\/wp\/v2\/types\/post"}],"author":[{"embeddable":true,"href":"https:\/\/christusnews.de\/site\/wp-json\/wp\/v2\/users\/7"}],"replies":[{"embeddable":true,"href":"https:\/\/christusnews.de\/site\/wp-json\/wp\/v2\/comments?post=22220"}],"version-history":[{"count":1,"href":"https:\/\/christusnews.de\/site\/wp-json\/wp\/v2\/posts\/22220\/revisions"}],"predecessor-version":[{"id":22221,"href":"https:\/\/christusnews.de\/site\/wp-json\/wp\/v2\/posts\/22220\/revisions\/22221"}],"wp:attachment":[{"href":"https:\/\/christusnews.de\/site\/wp-json\/wp\/v2\/media?parent=22220"}],"wp:term":[{"taxonomy":"category","embeddable":true,"href":"https:\/\/christusnews.de\/site\/wp-json\/wp\/v2\/categories?post=22220"},{"taxonomy":"post_tag","embeddable":true,"href":"https:\/\/christusnews.de\/site\/wp-json\/wp\/v2\/tags?post=22220"}],"curies":[{"name":"wp","href":"https:\/\/api.w.org\/{rel}","templated":true}]}}