{"id":22222,"date":"2022-09-22T09:28:00","date_gmt":"2022-09-22T07:28:00","guid":{"rendered":"https:\/\/christusnews.de\/site\/missbrauchsstudie-bischof-bode-raeumt-schwerwiegende-fehler-ein-katholische-laieninitiative-fordert-ruecktritt-des-theologen\/"},"modified":"2022-09-23T23:17:36","modified_gmt":"2022-09-23T21:17:36","slug":"missbrauchsstudie-bischof-bode-raeumt-schwerwiegende-fehler-ein-katholische-laieninitiative-fordert-ruecktritt-des-theologen","status":"publish","type":"post","link":"https:\/\/christusnews.de\/site\/missbrauchsstudie-bischof-bode-raeumt-schwerwiegende-fehler-ein-katholische-laieninitiative-fordert-ruecktritt-des-theologen\/","title":{"rendered":"Missbrauchsstudie: Bischof Bode r\u00e4umt schwerwiegende Fehler ein &#8211; Katholische Laieninitiative fordert R\u00fccktritt des Theologen\u00a0"},"content":{"rendered":"<p class=\"MsoPlainText\">Osnabr\u00fcck (epd). Der Osnabr\u00fccker katholische Bischof Franz-Josef Bode hat nach den Vorw\u00fcrfen gegen ihn im Umgang mit sexualisierter Gewalt in seinem Bistum um Vergebung gebeten und eine Reihe grundlegender \u00c4nderungen in der Bistumsverwaltung angek\u00fcndigt. Er habe in einigen F\u00e4llen fahrl\u00e4ssig gehandelt und trage f\u00fcr schwerwiegende Fehler die Verantwortung, sagte Bode am Donnerstag w\u00e4hrend einer&nbsp;Pressekonferenz: \u00abAber es geschah niemals in der Absicht, vors\u00e4tzlich zu vertuschen oder Recht zu beugen.\u00bb Unterdessen forderte die katholische Laieninitiative \u00abneuer Anfang\u00bb Bodes R\u00fccktritt.<\/p>\n<p class=\"MsoPlainText\">&nbsp;<\/p>\n<p class=\"MsoPlainText\">Er selbst habe erwogen, ob er dem Papst seinen R\u00fccktritt anbieten solle, betonte Bode. Ihm sei bewusst, dass seine Glaubw\u00fcrdigkeit schwer besch\u00e4digt sei. Er habe aber nach Gespr\u00e4chen entschieden, \u00abmit aller Kraft den Aufgaben und Pflichten nachzugehen\u00bb, die der von der Universit\u00e4t Osnabr\u00fcck verfasste Zwischenbericht aufzeige. Er wolle sich in drei Jahren auch den Ergebnissen des Abschlussberichts stellen.<\/p>\n<p class=\"MsoPlainText\">&nbsp;<\/p>\n<p class=\"MsoPlainText\">Die Initiative \u00abNeuer Anfang\u00bb forderte, es brauche \u00abendlich eine glaubhafte Aufarbeitung der Missbrauchsthematik und die kann nicht durch Bisch\u00f6fe passieren, die selbst verstrickt sind\u00bb. Niemand k\u00f6nne Richter oder Ermittler in eigener Sache sein, hie\u00df es. \u00abWir brauchen keine neue Moral in der katholischen Kirche, sondern Priester, die sich selbst daran halten.\u00bb<\/p>\n<p class=\"MsoPlainText\">&nbsp;<\/p>\n<p class=\"MsoPlainText\">Bode sagte, es mache ihn sehr nachdenklich, wie eingeschr\u00e4nkt sein Blick gewesen sei. Der Bericht gebe aber wesentliche Hinweise, \u00abwie wir im Bistum die Situation \u00e4ndern k\u00f6nnen\u00bb. Es werde seine Hauptaufgabe f\u00fcr die n\u00e4chsten Jahre, Lehren aus der Geschichte zu ziehen. \u00abMeines Erachtens w\u00fcrde ein R\u00fccktritt diesen Prozess verz\u00f6gern statt f\u00f6rdern.\u00bb<\/p>\n<p class=\"MsoPlainText\">&nbsp;<\/p>\n<p class=\"MsoPlainText\">Die Wissenschaftler der Universit\u00e4t Osnabr\u00fcck hatten Bode im Zwischenbericht ihrer Studie \u00fcber sexualisierte Gewalt im Bistum Osnabr\u00fcck seit 1945 schwerwiegende Pflichtverletzungen im Umgang mit Beschuldigten und Betroffenen vorgeworfen. Er habe bis 2010 mehrfach Beschuldigte in ihren \u00c4mtern belassen, damit weitere Tatgelegenheiten erm\u00f6glicht oder Auflagen nicht nachgehalten. Das von Bode seit 1995 geleitete Bistum zeige bis heute keine Bereitschaft, den Betroffenen gegen\u00fcber gro\u00dfz\u00fcgig zu sein und seine eigene Verantwortlichkeit und Schuld vorbehaltlos anzuerkennen.<\/p>\n<p class=\"MsoPlainText\">&nbsp;<\/p>\n<p class=\"MsoPlainText\">Der Zwischenbericht zeige allerdings auch, dass das Bistum mit dem vor drei Jahren begonnenen Schutzprozess auf einem richtigen Weg sei, sagte Bode. Deshalb werde er die Monitoring-Gruppe, die diesen Prozess steuere und kontrolliere und die \u00fcberwiegend mit externen Fachleuten besetzt sei, weiter st\u00e4rken. Sie solle eine unabh\u00e4ngige beauftragte Person erhalten, die in jedem bekannt werdenden&nbsp;Verdachts- und Missbrauchsfall den ordnungsgem\u00e4\u00dfen Ablauf gew\u00e4hrleiste. Diese Verantwortung werde damit der Abteilung Recht und Revision im Generalvikariat entzogen.<\/p>\n<p class=\"MsoPlainText\">&nbsp;<\/p>\n<p class=\"MsoPlainText\">Die Person werde auch Auflagen f\u00fcr Beschuldigte kontrollieren. Die Stelle sei bereits ausgeschrieben. Weisungsberechtigt sei k\u00fcnftig weder der Bischof, noch der Generalvikar, sondern die Monitoring-Gruppe, betonte Bode.<\/p>\n<p class=\"MsoPlainText\">&nbsp;<\/p>\n<p class=\"MsoPlainText\">Der Bischof k\u00fcndigte zudem die Einrichtung einer Ombudsstelle f\u00fcr Betroffene an, die in jedem Einzelfall nach optimalen L\u00f6sungen suchen werde. Er werde die Deutsche Bischofskonferenz (DBK) dazu dr\u00e4ngen, dass die Zahlungen zur Anerkennung des Leids sich tats\u00e4chlich am Rahmen dessen orientiert, was nach weltlichem Recht gezahlt werde.&nbsp;Falls es dort nicht zu einer schnellen Einigung komme, k\u00f6nne er sich auch vorstellen, aus der gemeinsamen Regelung der DBK auszuscheren und den Betroffenen mehr Geld zu zahlen.<\/p>\n<p class=\"MsoPlainText\">&nbsp;<\/p>\n<p class=\"MsoPlainText\">Die Personalverantwortung f\u00fcr Priester in seinem Bistum solle nicht l\u00e4nger allein in priesterlichen H\u00e4nden liegen, betonte der Bischof. Das Personalreferat werde deshalb eine Doppelspitze erhalten, bestehend aus einem Priester und einem Laien. Bode selbst will im Verdachtsfall die seelsorgerliche Begleitung des Beschuldigten an andere Personen abgeben, sich st\u00e4rker von Gremien \u00fcberpr\u00fcfen lassen, regelm\u00e4\u00dfig Rechenschaftsberichte vorlegen und den Austausch mit den Betroffenen intensivieren. Er wolle alle Ver\u00e4nderungen mit dem bestehenden Personal angehen und hoffe auf das Vertrauen aller Mitarbeitenden.<\/p>\n<p class=\"MsoPlainText\">&nbsp;<\/p>\n<p>Kirche-Oldenburg<br \/>\n<a href=\"https:\/\/www.kirche-oldenburg.de\/\/aktuell\/news-niedersachsen\/artikel\/missbrauchsstudie-bischof-bode-raeumt-schwerwiegende-fehler-ein-katholische-laieninitiative-fordert-ruecktritt-des-theologen\" target=\"_blank\" rel=\"noopener\">Missbrauchsstudie: Bischof Bode r\u00e4umt schwerwiegende Fehler ein &#8211; Katholische Laieninitiative fordert R\u00fccktritt des Theologen\u00a0<\/a><\/p>\n","protected":false},"excerpt":{"rendered":"<p>Osnabr\u00fcck (epd). Der Osnabr\u00fccker katholische Bischof Franz-Josef Bode hat nach den Vorw\u00fcrfen gegen ihn im Umgang mit sexualisierter Gewalt in seinem Bistum um Vergebung gebeten und eine Reihe grundlegender \u00c4nderungen in der Bistumsverwaltung angek\u00fcndigt. Er habe in einigen F\u00e4llen fahrl\u00e4ssig gehandelt und trage f\u00fcr schwerwiegende Fehler die Verantwortung, sagte Bode am Donnerstag w\u00e4hrend einer&nbsp;Pressekonferenz: \u00abAber es geschah niemals in der Absicht, vors\u00e4tzlich zu vertuschen oder Recht zu beugen.\u00bb Unterdessen forderte die katholische Laieninitiative \u00abneuer Anfang\u00bb Bodes R\u00fccktritt. &nbsp; Er selbst habe erwogen, ob er dem Papst seinen R\u00fccktritt anbieten solle, betonte Bode. Ihm sei bewusst, dass seine Glaubw\u00fcrdigkeit schwer besch\u00e4digt&#8230;<\/p>\n","protected":false},"author":7,"featured_media":0,"comment_status":"false","ping_status":"open","sticky":false,"template":"","format":"standard","meta":{"footnotes":""},"categories":[43],"tags":[44],"class_list":["post-22222","post","type-post","status-publish","format-standard","hentry","category-kirche-oldenburg","tag-kirche-oldenburg"],"_links":{"self":[{"href":"https:\/\/christusnews.de\/site\/wp-json\/wp\/v2\/posts\/22222","targetHints":{"allow":["GET"]}}],"collection":[{"href":"https:\/\/christusnews.de\/site\/wp-json\/wp\/v2\/posts"}],"about":[{"href":"https:\/\/christusnews.de\/site\/wp-json\/wp\/v2\/types\/post"}],"author":[{"embeddable":true,"href":"https:\/\/christusnews.de\/site\/wp-json\/wp\/v2\/users\/7"}],"replies":[{"embeddable":true,"href":"https:\/\/christusnews.de\/site\/wp-json\/wp\/v2\/comments?post=22222"}],"version-history":[{"count":1,"href":"https:\/\/christusnews.de\/site\/wp-json\/wp\/v2\/posts\/22222\/revisions"}],"predecessor-version":[{"id":22223,"href":"https:\/\/christusnews.de\/site\/wp-json\/wp\/v2\/posts\/22222\/revisions\/22223"}],"wp:attachment":[{"href":"https:\/\/christusnews.de\/site\/wp-json\/wp\/v2\/media?parent=22222"}],"wp:term":[{"taxonomy":"category","embeddable":true,"href":"https:\/\/christusnews.de\/site\/wp-json\/wp\/v2\/categories?post=22222"},{"taxonomy":"post_tag","embeddable":true,"href":"https:\/\/christusnews.de\/site\/wp-json\/wp\/v2\/tags?post=22222"}],"curies":[{"name":"wp","href":"https:\/\/api.w.org\/{rel}","templated":true}]}}