{"id":22234,"date":"2022-09-24T08:31:00","date_gmt":"2022-09-24T06:31:00","guid":{"rendered":"https:\/\/christusnews.de\/site\/hohe-energiepreise-gefaehrden-versorgung-in-sozialen-einrichtung\/"},"modified":"2022-09-26T11:17:34","modified_gmt":"2022-09-26T09:17:34","slug":"hohe-energiepreise-gefaehrden-versorgung-in-sozialen-einrichtung","status":"publish","type":"post","link":"https:\/\/christusnews.de\/site\/hohe-energiepreise-gefaehrden-versorgung-in-sozialen-einrichtung\/","title":{"rendered":"Hohe Energiepreise gef\u00e4hrden Versorgung in sozialen Einrichtung"},"content":{"rendered":"<p class=\"MsoPlainText\">Hannover (epd). Die hohen Energiekosten bringen die sozialen Einrichtungen laut karitativen Tr\u00e4gern in gro\u00dfe finanzielle Schwierigkeiten, sodass Diakonie und Deutsches Rotes Kreuz die Versorgung der Bed\u00fcrftigen gef\u00e4hrdet sehen. \u00abUns erreichen t\u00e4glich Notsignale, dass unsere diakonischen Einrichtungen, wie Pflegeeinrichtungen und Kinderg\u00e4rten, aber auch Beratungsstellen und Betreuungsdienste, die explodierenden Betriebskosten nicht mehr bezahlen k\u00f6nnen und im schlimmsten Fall ihren Betrieb einstellen m\u00fcssten\u00bb, sagte Diakonie-Pr\u00e4sident Ulrich Lilie dem \u00abRedaktionsNetzwerk Deutschland\u00bb (Samstag).<\/p>\n<p class=\"MsoPlainText\">&nbsp;<\/p>\n<p class=\"MsoPlainText\">Lilie forderte Bund, L\u00e4nder und Kommunen auf, dies zu verhindern: \u00abDie Versorgung mit sozialen Dienstleistungen ist gef\u00e4hrdet und mit ihr die Versorgung genau jener Menschen, die in dieser Krise auf diese Unterst\u00fctzung besonders angewiesen sind.\u00bb<\/p>\n<p class=\"MsoPlainText\">&nbsp;<\/p>\n<p class=\"MsoPlainText\">Auch DRK-Pr\u00e4sidentin Gerda Hasselfeldt sieht die Versorgungssicherheit in Gefahr. \u00abViele Sozial,- Pflege-, und Gesundheitseinrichtungen kommen aufgrund der derzeit immer weiter steigenden Energie- und Lebenshaltungskosten in akute Bedr\u00e4ngnis.\u00bb Hasselfeldt mahnte einen Rettungsschirm in Form eines Sonderfonds an, um eine ad\u00e4quate Versorgung und Unterst\u00fctzung sicherzustellen: \u00abDie Einrichtungen und Dienste der Freien Wohlfahrtspflege sind systemrelevant, denn sie sind unverzichtbar f\u00fcr unsere Gesellschaft\u00bb, sagte sie dem RND.<\/p>\n<p class=\"MsoPlainText\">&nbsp;<\/p>\n<p class=\"MsoPlainText\">Caritas-Pr\u00e4sidentin Eva Maria Welskop-Deffaa berichtete von sozialen Einrichtungen, die sich Gedanken \u00fcber Notstromgeneratoren machten und dar\u00fcber, was zu tun sei, wenn die Energieversorgung in einem Altenheim tats\u00e4chlich zwei Tage zusammenbreche. L\u00f6sungen m\u00fcssten schnell gefunden werden, \u00abweil schon das Liquidit\u00e4tsproblem einen Tr\u00e4ger in die Knie zwingen kann, da ja gemeinn\u00fctzige Einrichtungen nur begrenzte R\u00fccklagen haben k\u00f6nnen\u00bb.<\/p>\n<p>Kirche-Oldenburg<br \/>\n<a href=\"https:\/\/www.kirche-oldenburg.de\/\/aktuell\/news-niedersachsen\/artikel\/hohe-energiepreise-gefaehrden-versorgung-in-sozialen-einrichtung\" target=\"_blank\" rel=\"noopener\">Hohe Energiepreise gef\u00e4hrden Versorgung in sozialen Einrichtung<\/a><\/p>\n","protected":false},"excerpt":{"rendered":"<p>Hannover (epd). Die hohen Energiekosten bringen die sozialen Einrichtungen laut karitativen Tr\u00e4gern in gro\u00dfe finanzielle Schwierigkeiten, sodass Diakonie und Deutsches Rotes Kreuz die Versorgung der Bed\u00fcrftigen gef\u00e4hrdet sehen. \u00abUns erreichen t\u00e4glich Notsignale, dass unsere diakonischen Einrichtungen, wie Pflegeeinrichtungen und Kinderg\u00e4rten, aber auch Beratungsstellen und Betreuungsdienste, die explodierenden Betriebskosten nicht mehr bezahlen k\u00f6nnen und im schlimmsten Fall ihren Betrieb einstellen m\u00fcssten\u00bb, sagte Diakonie-Pr\u00e4sident Ulrich Lilie dem \u00abRedaktionsNetzwerk Deutschland\u00bb (Samstag). &nbsp; Lilie forderte Bund, L\u00e4nder und Kommunen auf, dies zu verhindern: \u00abDie Versorgung mit sozialen Dienstleistungen ist gef\u00e4hrdet und mit ihr die Versorgung genau jener Menschen, die in dieser Krise auf diese&#8230;<\/p>\n","protected":false},"author":7,"featured_media":0,"comment_status":"false","ping_status":"open","sticky":false,"template":"","format":"standard","meta":{"footnotes":""},"categories":[43],"tags":[44],"class_list":["post-22234","post","type-post","status-publish","format-standard","hentry","category-kirche-oldenburg","tag-kirche-oldenburg"],"_links":{"self":[{"href":"https:\/\/christusnews.de\/site\/wp-json\/wp\/v2\/posts\/22234","targetHints":{"allow":["GET"]}}],"collection":[{"href":"https:\/\/christusnews.de\/site\/wp-json\/wp\/v2\/posts"}],"about":[{"href":"https:\/\/christusnews.de\/site\/wp-json\/wp\/v2\/types\/post"}],"author":[{"embeddable":true,"href":"https:\/\/christusnews.de\/site\/wp-json\/wp\/v2\/users\/7"}],"replies":[{"embeddable":true,"href":"https:\/\/christusnews.de\/site\/wp-json\/wp\/v2\/comments?post=22234"}],"version-history":[{"count":1,"href":"https:\/\/christusnews.de\/site\/wp-json\/wp\/v2\/posts\/22234\/revisions"}],"predecessor-version":[{"id":22235,"href":"https:\/\/christusnews.de\/site\/wp-json\/wp\/v2\/posts\/22234\/revisions\/22235"}],"wp:attachment":[{"href":"https:\/\/christusnews.de\/site\/wp-json\/wp\/v2\/media?parent=22234"}],"wp:term":[{"taxonomy":"category","embeddable":true,"href":"https:\/\/christusnews.de\/site\/wp-json\/wp\/v2\/categories?post=22234"},{"taxonomy":"post_tag","embeddable":true,"href":"https:\/\/christusnews.de\/site\/wp-json\/wp\/v2\/tags?post=22234"}],"curies":[{"name":"wp","href":"https:\/\/api.w.org\/{rel}","templated":true}]}}