{"id":22236,"date":"2022-09-23T08:29:00","date_gmt":"2022-09-23T06:29:00","guid":{"rendered":"https:\/\/christusnews.de\/site\/klimastreik-tausende-bei-kundgebungen-in-niedersachsen-und-bremen-viele-junge-menschen-beteiligen-sich-an-globaler-aktion\/"},"modified":"2022-09-26T11:17:35","modified_gmt":"2022-09-26T09:17:35","slug":"klimastreik-tausende-bei-kundgebungen-in-niedersachsen-und-bremen-viele-junge-menschen-beteiligen-sich-an-globaler-aktion","status":"publish","type":"post","link":"https:\/\/christusnews.de\/site\/klimastreik-tausende-bei-kundgebungen-in-niedersachsen-und-bremen-viele-junge-menschen-beteiligen-sich-an-globaler-aktion\/","title":{"rendered":"Klimastreik: Tausende bei Kundgebungen in Niedersachsen und Bremen &#8211; Viele junge Menschen beteiligen sich an globaler Aktion &#8211;"},"content":{"rendered":"<p class=\"MsoPlainText\">Hannover\/Bremen (epd). In Niedersachsen und Bremen haben sich am Freitag Tausende junger Menschen an den Kundgebungen und friedlichen Demonstrationen der Bewegung \u00abFridays for Future\u00bb zum globalen Klimastreik beteiligt. Unter anderem in Aurich, Bremerhaven, G\u00f6ttingen, L\u00fcneburg, Oldenburg und Osnabr\u00fcck gingen die Menschen auf die Stra\u00dfe, um f\u00fcr einen entschlossenen Einsatz gegen die Erderw\u00e4rmung zu demonstrieren. In den beiden Bundesl\u00e4ndern war zu rund 30 Demonstrationen aufgerufen worden, darunter auch in Bremen, Hannover und Braunschweig.<\/p>\n<p class=\"MsoPlainText\">&nbsp;<\/p>\n<p class=\"MsoPlainText\">Die Pressesprecherin von \u00abFridays for Future Niedersachsen\u00bb, Nele Evers, kritisierte, dass die sich zuspitzenden gegenw\u00e4rtigen Krisen gegeneinander ausgespielt werden. \u00abNiemand schafft es, Klima und Soziales zusammen zu denken.\u00bb Es brauche jetzt eine wirksame und klimagerechte Politik. Mit Blick auf die nieders\u00e4chsischen Landtagswahlen am 9. Oktober rief sie zu erneuten Demonstrationen am 7. Oktober auf.<\/p>\n<p class=\"MsoPlainText\">&nbsp;<\/p>\n<p class=\"MsoPlainText\">In Bremen sch\u00e4tzte die Polizei die Zahl der Demonstrierenden in der Spitze auf rund 4.000. In Hannover sprach die Polizei von etwa 1.300 Menschen. Eine Sprecherin von \u00abFridays for Future\u00bb ging dagegen von 4.000 Teilnehmenden aus. In der Landeshauptstadt habe sich die Jugendbewegung mit dem Protest der Gegner des S\u00fcdschnellwegs solidarisiert, sagte sie. Bis 2030 solle f\u00fcr die Stra\u00dfe eine Fl\u00e4che von 16 Fu\u00dfballfeldern vernichtet werden, \u00abund das, obwohl wir versuchen, den Autoverkehr aus der Stadt herauszuholen.\u00bb<\/p>\n<p class=\"MsoPlainText\">&nbsp;<\/p>\n<p class=\"MsoPlainText\">In Oldenburg z\u00e4hlten die Beamten etwa 1.300 Teilnehmerinnen und Teilnehmer, ein Sprecher von \u00abFridays f\u00fcr Future\u00bb ging von rund 2.300 aus. Dort beteiligte sich auch der evangelische Bischof Thomas Adomeit an der Aktion: \u00abTrotz des Krieges in der Ukraine schreitet der Klimawandel voran\u00bb, mahnte er. Das d\u00fcrfe nicht aus dem Blick geraten. Mit seiner Teilnahme wolle er das Engagement der jungen Menschen w\u00fcrdigen und unterst\u00fctzen. In Braunschweig beteiligten sich einer Aktivistin zufolge etwa 1.000 Menschen an der Demonstration. G\u00f6ttinger Aktivisten vermeldeten via Twitter 2.000 Menschen.<\/p>\n<p class=\"MsoPlainText\">&nbsp;<\/p>\n<p class=\"MsoPlainText\">Bundesweit waren zum elften globalen Klimastreik nach Angaben der Klimaschutzinitiative allein in Deutschland rund 270 Aktionen geplant. \u00abKlimakatastrophen wie \u00dcberschwemmungen, Trockenheit und Hitzewellen werden immer h\u00e4ufiger und verursachen besonders im globalen S\u00fcden unvorstellbares Leid\u00bb, hie\u00df es im Aufruf zum Klimastreik. Gleichzeitig machten Entscheidungstr\u00e4ger wie Bundeskanzler Olaf Scholz (SPD) \u00abnicht mehr blo\u00df schlechten Klimaschutz, sondern massive R\u00fcckschritte durch den Wiedereinstieg in fossile Energien\u00bb.<\/p>\n<p class=\"MsoPlainText\">&nbsp;<\/p>\n<p class=\"MsoPlainText\">Konkret verlangt \u00abFridays for Future\u00bb von der Bundesregierung unter anderem die Aufstellung eines Sonderverm\u00f6gens f\u00fcr Klima und Sicherheit. Bei den aktuellen Haushaltsverhandlungen sollten 100 Milliarden Euro bereitgestellt werden, um den radikalen Ausstieg aus allen fossilen Energietr\u00e4gern zu beschleunigen.<\/p>\n<p>Kirche-Oldenburg<br \/>\n<a href=\"https:\/\/www.kirche-oldenburg.de\/\/aktuell\/news-niedersachsen\/artikel\/klimastreik-tausende-bei-kundgebungen-in-niedersachsen-und-bremen-viele-junge-menschen-beteiligen-sich-an-globaler-aktion\" target=\"_blank\" rel=\"noopener\">Klimastreik: Tausende bei Kundgebungen in Niedersachsen und Bremen &#8211; Viele junge Menschen beteiligen sich an globaler Aktion &#8211;<\/a><\/p>\n","protected":false},"excerpt":{"rendered":"<p>Hannover\/Bremen (epd). In Niedersachsen und Bremen haben sich am Freitag Tausende junger Menschen an den Kundgebungen und friedlichen Demonstrationen der Bewegung \u00abFridays for Future\u00bb zum globalen Klimastreik beteiligt. Unter anderem in Aurich, Bremerhaven, G\u00f6ttingen, L\u00fcneburg, Oldenburg und Osnabr\u00fcck gingen die Menschen auf die Stra\u00dfe, um f\u00fcr einen entschlossenen Einsatz gegen die Erderw\u00e4rmung zu demonstrieren. In den beiden Bundesl\u00e4ndern war zu rund 30 Demonstrationen aufgerufen worden, darunter auch in Bremen, Hannover und Braunschweig. &nbsp; Die Pressesprecherin von \u00abFridays for Future Niedersachsen\u00bb, Nele Evers, kritisierte, dass die sich zuspitzenden gegenw\u00e4rtigen Krisen gegeneinander ausgespielt werden. \u00abNiemand schafft es, Klima und Soziales zusammen zu&#8230;<\/p>\n","protected":false},"author":7,"featured_media":0,"comment_status":"false","ping_status":"open","sticky":false,"template":"","format":"standard","meta":{"footnotes":""},"categories":[43],"tags":[44],"class_list":["post-22236","post","type-post","status-publish","format-standard","hentry","category-kirche-oldenburg","tag-kirche-oldenburg"],"_links":{"self":[{"href":"https:\/\/christusnews.de\/site\/wp-json\/wp\/v2\/posts\/22236","targetHints":{"allow":["GET"]}}],"collection":[{"href":"https:\/\/christusnews.de\/site\/wp-json\/wp\/v2\/posts"}],"about":[{"href":"https:\/\/christusnews.de\/site\/wp-json\/wp\/v2\/types\/post"}],"author":[{"embeddable":true,"href":"https:\/\/christusnews.de\/site\/wp-json\/wp\/v2\/users\/7"}],"replies":[{"embeddable":true,"href":"https:\/\/christusnews.de\/site\/wp-json\/wp\/v2\/comments?post=22236"}],"version-history":[{"count":1,"href":"https:\/\/christusnews.de\/site\/wp-json\/wp\/v2\/posts\/22236\/revisions"}],"predecessor-version":[{"id":22237,"href":"https:\/\/christusnews.de\/site\/wp-json\/wp\/v2\/posts\/22236\/revisions\/22237"}],"wp:attachment":[{"href":"https:\/\/christusnews.de\/site\/wp-json\/wp\/v2\/media?parent=22236"}],"wp:term":[{"taxonomy":"category","embeddable":true,"href":"https:\/\/christusnews.de\/site\/wp-json\/wp\/v2\/categories?post=22236"},{"taxonomy":"post_tag","embeddable":true,"href":"https:\/\/christusnews.de\/site\/wp-json\/wp\/v2\/tags?post=22236"}],"curies":[{"name":"wp","href":"https:\/\/api.w.org\/{rel}","templated":true}]}}