{"id":22246,"date":"2022-09-29T11:43:00","date_gmt":"2022-09-29T09:43:00","guid":{"rendered":"https:\/\/christusnews.de\/site\/?p=22246"},"modified":"2022-09-26T11:43:37","modified_gmt":"2022-09-26T09:43:37","slug":"kita-verbund","status":"publish","type":"post","link":"https:\/\/christusnews.de\/site\/kita-verbund\/","title":{"rendered":"KiTa Verbund"},"content":{"rendered":"\n<p>Kirche und Kindergarten \u2013 das geh\u00f6rt fest zusammen. Seit vielen Jahrzehnten befinden sich Kindertagesst\u00e4tten in kirchlicher Tr\u00e4gerschaft. Menschenkinder zu begleiten beim Wachsen und Werden ins Leben \u2013 das ist ganz wichtig. Da hat die Kirche vieles weiterzugeben. Schon Jesus hat gesagt: \u201eLasst die Kinder zu mir kommen. Sie brauchen ganz besonders viel F\u00fcrsorge und Schutz und Segen\u201c. Was sich ver\u00e4ndert hat \u00fcber die Jahrzehnte: Die Rahmenbedingungen und Gesetze und auch der Fachkr\u00e4ftemangel bei der Arbeit mit Kindern. Als Kirche reagieren wir darauf mit einem sehr kreativen Schritt: Wir haben einen neuen Tr\u00e4gerverbund gegr\u00fcndet. Wachsen und Werden \u2013 Familien, Kinder und Jugend im Ev. Kirchenkreis Friesland \u2013 Wilhelmshaven. Kling gro\u00df. Wird auch gro\u00df. Knapp 400 Mitarbeitende aus unseren Kitas bringen zuk\u00fcnftig ihre Kompetenz und ihre Gaben in den neuen Verbund ein. Das wird die Strukturen der Arbeit deutlich st\u00e4rken und die hohe p\u00e4dagogische Qualit\u00e4t sichern. Und das soll vor allem anderen den Kleinsten zu Gute kommen. Weil starke Kindertagesst\u00e4tten wichtig sind, um die Kinder beim Wachsen und Werden in diese Welt zu begleiten.<\/p>\n\n\n\n<p><\/p>\n\n\n\n<blockquote class=\"wp-block-quote is-layout-flow wp-block-quote-is-layout-flow\"><p><strong>Bernhard Busemann<\/strong>,<strong> Pastor der Christus- und Garnisonkirche<\/strong><br>H<em>\u00f6ren Sie diesen Beitrag bei Radio Jade:<\/em><br><a rel=\"noreferrer noopener\" href=\"http:\/\/www.radio-jade.de\/mediathek\/angedacht\/\" target=\"_blank\"><em>Alle Beitr\u00e4ge im \u00dcberblick | RADIO JADE<\/em><\/a><\/p><\/blockquote>\n","protected":false},"excerpt":{"rendered":"<p>Kirche und Kindergarten \u2013 das geh\u00f6rt fest zusammen. Seit vielen Jahrzehnten befinden sich Kindertagesst\u00e4tten in kirchlicher Tr\u00e4gerschaft. Menschenkinder zu begleiten beim Wachsen und Werden ins Leben \u2013 das ist ganz wichtig. Da hat die Kirche vieles weiterzugeben. Schon Jesus hat gesagt: \u201eLasst die Kinder zu mir kommen. Sie brauchen ganz besonders viel F\u00fcrsorge und Schutz und Segen\u201c. Was sich ver\u00e4ndert hat \u00fcber die Jahrzehnte: Die Rahmenbedingungen und Gesetze und auch der Fachkr\u00e4ftemangel bei der Arbeit mit Kindern. Als Kirche reagieren wir darauf mit einem sehr kreativen Schritt: Wir haben einen neuen Tr\u00e4gerverbund gegr\u00fcndet. Wachsen und Werden \u2013 Familien, Kinder und&#8230;<\/p>\n","protected":false},"author":6,"featured_media":1171,"comment_status":"closed","ping_status":"open","sticky":false,"template":"","format":"standard","meta":{"footnotes":""},"categories":[5],"tags":[],"class_list":["post-22246","post","type-post","status-publish","format-standard","has-post-thumbnail","hentry","category-angedacht"],"_links":{"self":[{"href":"https:\/\/christusnews.de\/site\/wp-json\/wp\/v2\/posts\/22246","targetHints":{"allow":["GET"]}}],"collection":[{"href":"https:\/\/christusnews.de\/site\/wp-json\/wp\/v2\/posts"}],"about":[{"href":"https:\/\/christusnews.de\/site\/wp-json\/wp\/v2\/types\/post"}],"author":[{"embeddable":true,"href":"https:\/\/christusnews.de\/site\/wp-json\/wp\/v2\/users\/6"}],"replies":[{"embeddable":true,"href":"https:\/\/christusnews.de\/site\/wp-json\/wp\/v2\/comments?post=22246"}],"version-history":[{"count":1,"href":"https:\/\/christusnews.de\/site\/wp-json\/wp\/v2\/posts\/22246\/revisions"}],"predecessor-version":[{"id":22247,"href":"https:\/\/christusnews.de\/site\/wp-json\/wp\/v2\/posts\/22246\/revisions\/22247"}],"wp:featuredmedia":[{"embeddable":true,"href":"https:\/\/christusnews.de\/site\/wp-json\/wp\/v2\/media\/1171"}],"wp:attachment":[{"href":"https:\/\/christusnews.de\/site\/wp-json\/wp\/v2\/media?parent=22246"}],"wp:term":[{"taxonomy":"category","embeddable":true,"href":"https:\/\/christusnews.de\/site\/wp-json\/wp\/v2\/categories?post=22246"},{"taxonomy":"post_tag","embeddable":true,"href":"https:\/\/christusnews.de\/site\/wp-json\/wp\/v2\/tags?post=22246"}],"curies":[{"name":"wp","href":"https:\/\/api.w.org\/{rel}","templated":true}]}}