{"id":22250,"date":"2022-09-27T11:00:00","date_gmt":"2022-09-27T09:00:00","guid":{"rendered":"https:\/\/christusnews.de\/site\/ekd-gesamttagung-wie-sieht-in-zukunft-kirche-mit-kindern-aus\/"},"modified":"2022-09-27T11:17:55","modified_gmt":"2022-09-27T09:17:55","slug":"ekd-gesamttagung-wie-sieht-in-zukunft-kirche-mit-kindern-aus","status":"publish","type":"post","link":"https:\/\/christusnews.de\/site\/ekd-gesamttagung-wie-sieht-in-zukunft-kirche-mit-kindern-aus\/","title":{"rendered":"EKD-Gesamttagung: Wie sieht in Zukunft \u201eKirche mit Kindern\u201c aus?"},"content":{"rendered":"<p>\u201efrischWind!\u201c hei\u00dft es vom 30. September bis 3. Oktober in L\u00fcbeck, wenn der Gesamtverband f\u00fcr Kindergottesdienst in der Evangelischen Kirche in Deutschland (EKD) seine alle vier Jahre stattfindende Gesamttagung f\u00fcr haupt- und ehrenamtlich Mitarbeitende im Arbeitsbereich Kirche mit Kindern ausrichtet. Gemeinsame Gastgeberinnen in diesem Jahr sind die Bremische Evangelische Kirche, die Evangelisch-Lutherische Kirche in Oldenburg und die Evangelisch-Lutherische Kirche in Norddeutschland (Nordkirche).&nbsp;<br \/>\nDie Schirmherrschaft \u00fcber die Tagung haben die leitenden Geistlichen der drei Landeskirchen zusammen \u00fcbernommen und unterst\u00fctzen damit die Lobby der Kinder in der Kirche.&nbsp;<br \/>\n&nbsp; &nbsp;<br \/>\n<strong>Bischof Thomas Adomeit, Evangelisch-Lutherische Kirche in Oldenburg:&nbsp;<\/strong><br \/>\n\u201eIch bin begeistert von der Vielfalt der fachlichen Themen, die im Programm der Gesamttagung aufgegriffen werden. Und ich freue mich auf das gemeinsame Feiern! Sich endlich wieder in gro\u00dfer Gemeinschaft von Christinnen und Christen zu begegnen und zu erleben, wird sicherlich allen Teilnehmenden und Mitwirkenden wie \u201efrischWind\u201c f\u00fcr den eigenen Glauben und die eigene Arbeit sein.<br \/>\nAn dieser Tagung wird deutlich: Kirche mit Kindern ist kein Schnee von gestern. Kirche mit Kindern ist in all ihren unterschiedlichen Formen eine relevante und breite Kommunikationsfl\u00e4che mit Familien, in die Gesellschaft hinein. Dadurch ist sie mit den gro\u00dfen Themen und Herausforderungen unserer Zeit direkt konfrontiert. Sie sucht mutig nach Antworten &#8211; mit und f\u00fcr Kinder, mit und f\u00fcr Familien &#8211; und tr\u00e4gt dazu bei, dass Kirche sich weiterentwickelt und ver\u00e4ndert.\u201c<br \/>\n&nbsp; &nbsp;<br \/>\n<strong>Landesbisch\u00f6fin Kristina K\u00fchnbaum-Schmidt, Evangelisch-Lutherische Kirche in Norddeutschland (Nordkirche):&nbsp;<\/strong><br \/>\n\u201eIch freue mich sehr, dass die Gesamttagung \u201aKirche mit Kindern\u2018 in der EKD in diesem Jahr in unserer Nordkirche in L\u00fcbeck zu Gast ist! Von Kindern k\u00f6nnen wir lernen, unsere Welt neu zu entdecken, zu erleben, zu denken. Denn jedes Kind entdeckt unser von Gott geschenktes Leben und Gottes Sch\u00f6pfung auf je eigene Weise. Und wenn Kinder dabei mit Gott gro\u00df werden, entdecken auch alle, die sie dabei begleiten, das Wunder des Lebens neu.&nbsp;<br \/>\nF\u00fcr das Engagement, die Kreativit\u00e4t, die Kompetenz und alles, was haupt- und ehrenamtlich Mitarbeitende dazu tun, dass unsere Kirche eine Kirche mit Kindern ist, sage ich herzlichen Dank! M\u00f6ge diese gemeinsame Tagung f\u00f6rdern, was daf\u00fcr wichtig ist. Als Schirmherrin der Tagung und Landesbisch\u00f6fin der Evangelisch-Lutherischen Kirche in Norddeutschland w\u00fcnsche ich dazu von Herzen Gottes Segen.\u201c<br \/>\n&nbsp; &nbsp;<br \/>\n<strong>Pastor Dr. Bernd Kuschnerus, Schriftf\u00fchrer in der Bremischen Evangelischen Kirche:&nbsp;<\/strong><br \/>\n\u201eIch freue mich sehr, dass die Tagung so gro\u00dfen Zuspruch findet und sich schon fast 1.000 haupt- und ehrenamtlich Mitarbeitende angemeldet haben. Biblische Geschichten regen an zum Spiel, zum Nachdenken und Fragen. Ob Figuren, Verkleidung, Erfinden und Erkunden \u2013 der Phantasie sind keine Grenzen gesetzt, wenn Kinder in der Mitte stehen.&nbsp;<br \/>\nMein Dank gilt allen, die das f\u00f6rdern. Kinder bringen immer frischen Wind ins Leben und in die Kirche. Ich w\u00fcnsche allen, dass daraus ein R\u00fcckenwind f\u00fcr die Tagung und die Arbeit mit Kinder wird.\u201c<br \/>\n&nbsp; &nbsp;<br \/>\nIn rund 110 Workshops mit den Themenbereichen Kunst und Kreativit\u00e4t, biblische Geschichten, Erziehungswissenschaft, Sch\u00f6pfung und Klima sowie Digitalisierung wollen sich die Teilnehmenden fortbilden, austauschen und vernetzen. Au\u00dferdem gibt es Mitmach-Angebote, Wissensimpulse und Infost\u00e4nde, Ausstellungen, Musik, Andachten und Diskussionen sowie Walking Acts in den L\u00fcbecker Stra\u00dfen, der Musik- und Kongresshalle (MuK), im Dom sowie in der Ernestinen-Schule und im Katharineum. &nbsp;Er\u00f6ffnet wird die Gesamttagung am Freitag, 30. September, um 18.30 Uhr im Konzertsaal der MuK.&nbsp;<br \/>\n&nbsp; &nbsp;<br \/>\n\u00dcbrigens: Auch kurzentschlossene Teilnehmerinnen und Teilnehmer sind herzlich willkommen. Sie k\u00f6nnen am Freitag ab 15 Uhr vor Ort Tageskarten f\u00fcr den Sonnabend und Sonntag erwerben.<br \/>\n&nbsp; &nbsp;<br \/>\nDas komplette Tagungsprogramm mit Orten finden Sie unter: <a href=\"https:\/\/gt2022.de\/das-programmheft\/\">https:\/\/gt2022.de\/das-programmheft\/<\/a><\/p>\n<p>Kirche-Oldenburg<br \/>\n<a href=\"https:\/\/www.kirche-oldenburg.de\/\/aktuell\/pressemitteilungen\/artikel\/ekd-gesamttagung-wie-sieht-in-zukunft-kirche-mit-kindern-aus\" target=\"_blank\" rel=\"noopener\">EKD-Gesamttagung: Wie sieht in Zukunft \u201eKirche mit Kindern\u201c aus?<\/a><\/p>\n","protected":false},"excerpt":{"rendered":"<p>\u201efrischWind!\u201c hei\u00dft es vom 30. September bis 3. Oktober in L\u00fcbeck, wenn der Gesamtverband f\u00fcr Kindergottesdienst in der Evangelischen Kirche in Deutschland (EKD) seine alle vier Jahre stattfindende Gesamttagung f\u00fcr haupt- und ehrenamtlich Mitarbeitende im Arbeitsbereich Kirche mit Kindern ausrichtet. Gemeinsame Gastgeberinnen in diesem Jahr sind die Bremische Evangelische Kirche, die Evangelisch-Lutherische Kirche in Oldenburg und die Evangelisch-Lutherische Kirche in Norddeutschland (Nordkirche).&nbsp; Die Schirmherrschaft \u00fcber die Tagung haben die leitenden Geistlichen der drei Landeskirchen zusammen \u00fcbernommen und unterst\u00fctzen damit die Lobby der Kinder in der Kirche.&nbsp; &nbsp; &nbsp; Bischof Thomas Adomeit, Evangelisch-Lutherische Kirche in Oldenburg:&nbsp; \u201eIch bin begeistert von der&#8230;<\/p>\n","protected":false},"author":7,"featured_media":0,"comment_status":"false","ping_status":"open","sticky":false,"template":"","format":"standard","meta":{"footnotes":""},"categories":[43],"tags":[44],"class_list":["post-22250","post","type-post","status-publish","format-standard","hentry","category-kirche-oldenburg","tag-kirche-oldenburg"],"_links":{"self":[{"href":"https:\/\/christusnews.de\/site\/wp-json\/wp\/v2\/posts\/22250","targetHints":{"allow":["GET"]}}],"collection":[{"href":"https:\/\/christusnews.de\/site\/wp-json\/wp\/v2\/posts"}],"about":[{"href":"https:\/\/christusnews.de\/site\/wp-json\/wp\/v2\/types\/post"}],"author":[{"embeddable":true,"href":"https:\/\/christusnews.de\/site\/wp-json\/wp\/v2\/users\/7"}],"replies":[{"embeddable":true,"href":"https:\/\/christusnews.de\/site\/wp-json\/wp\/v2\/comments?post=22250"}],"version-history":[{"count":1,"href":"https:\/\/christusnews.de\/site\/wp-json\/wp\/v2\/posts\/22250\/revisions"}],"predecessor-version":[{"id":22251,"href":"https:\/\/christusnews.de\/site\/wp-json\/wp\/v2\/posts\/22250\/revisions\/22251"}],"wp:attachment":[{"href":"https:\/\/christusnews.de\/site\/wp-json\/wp\/v2\/media?parent=22250"}],"wp:term":[{"taxonomy":"category","embeddable":true,"href":"https:\/\/christusnews.de\/site\/wp-json\/wp\/v2\/categories?post=22250"},{"taxonomy":"post_tag","embeddable":true,"href":"https:\/\/christusnews.de\/site\/wp-json\/wp\/v2\/tags?post=22250"}],"curies":[{"name":"wp","href":"https:\/\/api.w.org\/{rel}","templated":true}]}}