{"id":22252,"date":"2022-09-26T18:55:39","date_gmt":"2022-09-26T16:55:39","guid":{"rendered":"https:\/\/christusnews.de\/site\/kirchen-wollen-beleuchtung-im-advent-reduzieren\/"},"modified":"2022-09-27T11:17:55","modified_gmt":"2022-09-27T09:17:55","slug":"kirchen-wollen-beleuchtung-im-advent-reduzieren","status":"publish","type":"post","link":"https:\/\/christusnews.de\/site\/kirchen-wollen-beleuchtung-im-advent-reduzieren\/","title":{"rendered":"Kirchen wollen Beleuchtung im Advent reduzieren"},"content":{"rendered":"<p class=\"MsoPlainText\">Hannover\/Leer (epd). Angesichts der Energiekrise wollen die evangelischen Kirchen in Niedersachsen sehr gezielt mit elektrischen Lichtern in der Advents- und Weihnachtszeit umgehen. \u00abDie Advents- und Weihnachtsbeleuchtung innerhalb und au\u00dferhalb von Kirchen und kirchlichen Geb\u00e4uden wird deutlich reduzierter ausfallen als wir es gewohnt sind\u00bb, sagte der Theologische Vizepr\u00e4sident des Landeskirchenamtes in Hannover, Ralph Charbonnier, am Montag dem Evangelischen Pressedienst (epd). Er reagierte damit auf eine Forderung der Deutschen Umwelthilfe, in diesem Winter auf weihnachtliche Beleuchtung weitgehend zu verzichten.<\/p>\n<p class=\"MsoPlainText\">&nbsp;<\/p>\n<p class=\"MsoPlainText\">\u00abWir begr\u00fc\u00dfen den Vorschlag, dass in St\u00e4dten und D\u00f6rfern ganz bewusst geschaut wird, an welchen Orten es eine besondere Beleuchtung in der Advents- und Weihnachtszeit geben soll\u00bb, sagte Charbonnier. \u00abWo wir aber Licht als Symbol f\u00fcr Gottes Trost in trostloser Zeit entz\u00fcnden, da soll das sein\u00bb, betonte der Vizepr\u00e4sident. \u00abGerade auch angesichts der Krisen, die uns allen zu schaffen machen, sind Lichter, die die Dunkelheit durchbrechen, wichtige und sinnstiftende Hoffnungszeichen.\u00bb<\/p>\n<p class=\"MsoPlainText\">&nbsp;<\/p>\n<p class=\"MsoPlainText\">Der hannoverschen Landeskirche sind 1.230 evangelische Gemeinden zwischen dem Landkreis G\u00f6ttingen und der Nordsee angegliedert. Ein Sprecher sagte dem epd, dass Kirchengeb\u00e4ude aus Gr\u00fcnden der Energieknappheit nachts inzwischen fast fl\u00e4chendeckend nicht mehr angestrahlt w\u00fcrden.<\/p>\n<p class=\"MsoPlainText\">&nbsp;<\/p>\n<p class=\"MsoPlainText\">Auch die evangelisch-reformierte Kirchenpr\u00e4sidentin Susanne Bei der Wieden aus Leer sprach sich daf\u00fcr aus, adventliche Beleuchtung sparsam und gezielt einzusetzen. \u00abWir gehen in reformierten Gemeinden ohnedies sehr zur\u00fcckhaltend mit Weihnachtsdekoration und -beleuchtung um\u00bb, sagte sie dem epd. Allerdings sei Licht in der Dunkelheit, das Christus als das Licht der Welt symbolisiere, ein \u00abwichtiges und starkes Zeichen\u00bb, auf das die Kirche nicht vollst\u00e4ndig verzichten k\u00f6nne und wolle: \u00abGerade in der Dunkelheit und K\u00e4lte der Zeit sehnen sich die Menschen nach Licht.\u00bb<\/p>\n<p class=\"MsoPlainText\">&nbsp;<\/p>\n<p class=\"MsoPlainText\">Die reformierte Kirche habe allen ihren Gemeinden empfohlen, aus Solidarit\u00e4t mit den Privathaushalten und wichtigen Wirtschaftszweigen in diesem Winter so viel Energie einzusparen wie m\u00f6glich, betonte Bei der Wieden. Zur Evangelisch-reformierten Kirche geh\u00f6ren 143 Gemeinden zwischen dem nordwestlichen Niedersachsen und dem Allg\u00e4u. Schwerpunkte liegen dabei in Ostfriesland und dem Landkreis Grafschaft Bentheim.<\/p>\n<p>Kirche-Oldenburg<br \/>\n<a href=\"https:\/\/www.kirche-oldenburg.de\/\/aktuell\/news-niedersachsen\/artikel\/kirchen-wollen-beleuchtung-im-advent-reduzieren\" target=\"_blank\" rel=\"noopener\">Kirchen wollen Beleuchtung im Advent reduzieren<\/a><\/p>\n","protected":false},"excerpt":{"rendered":"<p>Hannover\/Leer (epd). Angesichts der Energiekrise wollen die evangelischen Kirchen in Niedersachsen sehr gezielt mit elektrischen Lichtern in der Advents- und Weihnachtszeit umgehen. \u00abDie Advents- und Weihnachtsbeleuchtung innerhalb und au\u00dferhalb von Kirchen und kirchlichen Geb\u00e4uden wird deutlich reduzierter ausfallen als wir es gewohnt sind\u00bb, sagte der Theologische Vizepr\u00e4sident des Landeskirchenamtes in Hannover, Ralph Charbonnier, am Montag dem Evangelischen Pressedienst (epd). Er reagierte damit auf eine Forderung der Deutschen Umwelthilfe, in diesem Winter auf weihnachtliche Beleuchtung weitgehend zu verzichten. &nbsp; \u00abWir begr\u00fc\u00dfen den Vorschlag, dass in St\u00e4dten und D\u00f6rfern ganz bewusst geschaut wird, an welchen Orten es eine besondere Beleuchtung in der&#8230;<\/p>\n","protected":false},"author":7,"featured_media":0,"comment_status":"false","ping_status":"open","sticky":false,"template":"","format":"standard","meta":{"footnotes":""},"categories":[43],"tags":[44],"class_list":["post-22252","post","type-post","status-publish","format-standard","hentry","category-kirche-oldenburg","tag-kirche-oldenburg"],"_links":{"self":[{"href":"https:\/\/christusnews.de\/site\/wp-json\/wp\/v2\/posts\/22252","targetHints":{"allow":["GET"]}}],"collection":[{"href":"https:\/\/christusnews.de\/site\/wp-json\/wp\/v2\/posts"}],"about":[{"href":"https:\/\/christusnews.de\/site\/wp-json\/wp\/v2\/types\/post"}],"author":[{"embeddable":true,"href":"https:\/\/christusnews.de\/site\/wp-json\/wp\/v2\/users\/7"}],"replies":[{"embeddable":true,"href":"https:\/\/christusnews.de\/site\/wp-json\/wp\/v2\/comments?post=22252"}],"version-history":[{"count":1,"href":"https:\/\/christusnews.de\/site\/wp-json\/wp\/v2\/posts\/22252\/revisions"}],"predecessor-version":[{"id":22253,"href":"https:\/\/christusnews.de\/site\/wp-json\/wp\/v2\/posts\/22252\/revisions\/22253"}],"wp:attachment":[{"href":"https:\/\/christusnews.de\/site\/wp-json\/wp\/v2\/media?parent=22252"}],"wp:term":[{"taxonomy":"category","embeddable":true,"href":"https:\/\/christusnews.de\/site\/wp-json\/wp\/v2\/categories?post=22252"},{"taxonomy":"post_tag","embeddable":true,"href":"https:\/\/christusnews.de\/site\/wp-json\/wp\/v2\/tags?post=22252"}],"curies":[{"name":"wp","href":"https:\/\/api.w.org\/{rel}","templated":true}]}}