{"id":22262,"date":"2022-09-27T08:37:00","date_gmt":"2022-09-27T06:37:00","guid":{"rendered":"https:\/\/christusnews.de\/site\/sozialverband-fordert-sonderurlaub-fuers-ehrenamt\/"},"modified":"2022-09-28T11:17:42","modified_gmt":"2022-09-28T09:17:42","slug":"sozialverband-fordert-sonderurlaub-fuers-ehrenamt","status":"publish","type":"post","link":"https:\/\/christusnews.de\/site\/sozialverband-fordert-sonderurlaub-fuers-ehrenamt\/","title":{"rendered":"Sozialverband fordert Sonderurlaub f\u00fcrs Ehrenamt"},"content":{"rendered":"<p class=\"MsoPlainText\">Oldenburg (epd). Der Sozialverband VdK Niedersachsen-Bremen fordert von der k\u00fcnftigen nieders\u00e4chsischen Landesregierung Bildungs- und Sonderurlaub f\u00fcr freiwillig T\u00e4tige. \u00abWer Verantwortung in einem Vorstand \u00fcbernehmen soll, braucht umfangreiches Wissen. Daf\u00fcr sind kostenlose Weiterbildung und Qualifizierung unbedingt notwendig\u00bb, sagte der Landesvorsitzende Friedrich Stubbe am Dienstag in Hannover. Ehrenamtliche sollten daf\u00fcr einen Anspruch auf Bildungsurlaub erhalten.<\/p>\n<p class=\"MsoPlainText\">&nbsp;<\/p>\n<p class=\"MsoPlainText\">Stubbe warb dabei auch f\u00fcr die Anerkennung von Ein-Tages-Veranstaltungen als Bildungsurlaub. Freiwillige, die in Sozialverb\u00e4nden t\u00e4tig seien, m\u00fcssten bei der Aus\u00fcbung ihres Ehrenamtes aktuell auf ihre regul\u00e4ren Urlaubstage zur\u00fcckgreifen, bem\u00e4ngelte er. Ihnen werde kein Sonderurlaub nach der nieders\u00e4chsischen Verordnung gew\u00e4hrt. Das m\u00fcsse sich umgehend \u00e4ndern.<\/p>\n<p class=\"MsoPlainText\">&nbsp;<\/p>\n<p class=\"MsoPlainText\">\u00abWenn die Landesregierung das vielf\u00e4ltige Vereinsleben in Niedersachsen erhalten und f\u00f6rdern will, braucht es gerade in der heutigen Zeit mehr Wertsch\u00e4tzung und bessere Rahmenbedingungen\u00bb, betonte Stubbe. Dies gelte besonders f\u00fcr die j\u00fcngere Generation. N\u00f6tig seien deshalb auch steuerliche Freibetr\u00e4ge oder angemessene Aufwandsentsch\u00e4digungen. F\u00fcr Menschen, die auf Unterst\u00fctzung angewiesen sind, verlangt der VdK zudem einen Rechtsanspruch auf eine Assistenz zur Aus\u00fcbung ihres Ehrenamts.<\/p>\n<p>Kirche-Oldenburg<br \/>\n<a href=\"https:\/\/www.kirche-oldenburg.de\/\/aktuell\/news-niedersachsen\/artikel\/sozialverband-fordert-sonderurlaub-fuers-ehrenamt\" target=\"_blank\" rel=\"noopener\">Sozialverband fordert Sonderurlaub f\u00fcrs Ehrenamt<\/a><\/p>\n","protected":false},"excerpt":{"rendered":"<p>Oldenburg (epd). Der Sozialverband VdK Niedersachsen-Bremen fordert von der k\u00fcnftigen nieders\u00e4chsischen Landesregierung Bildungs- und Sonderurlaub f\u00fcr freiwillig T\u00e4tige. \u00abWer Verantwortung in einem Vorstand \u00fcbernehmen soll, braucht umfangreiches Wissen. Daf\u00fcr sind kostenlose Weiterbildung und Qualifizierung unbedingt notwendig\u00bb, sagte der Landesvorsitzende Friedrich Stubbe am Dienstag in Hannover. Ehrenamtliche sollten daf\u00fcr einen Anspruch auf Bildungsurlaub erhalten. &nbsp; Stubbe warb dabei auch f\u00fcr die Anerkennung von Ein-Tages-Veranstaltungen als Bildungsurlaub. Freiwillige, die in Sozialverb\u00e4nden t\u00e4tig seien, m\u00fcssten bei der Aus\u00fcbung ihres Ehrenamtes aktuell auf ihre regul\u00e4ren Urlaubstage zur\u00fcckgreifen, bem\u00e4ngelte er. Ihnen werde kein Sonderurlaub nach der nieders\u00e4chsischen Verordnung gew\u00e4hrt. Das m\u00fcsse sich umgehend \u00e4ndern. &nbsp;&#8230;<\/p>\n","protected":false},"author":7,"featured_media":0,"comment_status":"false","ping_status":"open","sticky":false,"template":"","format":"standard","meta":{"footnotes":""},"categories":[43],"tags":[44],"class_list":["post-22262","post","type-post","status-publish","format-standard","hentry","category-kirche-oldenburg","tag-kirche-oldenburg"],"_links":{"self":[{"href":"https:\/\/christusnews.de\/site\/wp-json\/wp\/v2\/posts\/22262","targetHints":{"allow":["GET"]}}],"collection":[{"href":"https:\/\/christusnews.de\/site\/wp-json\/wp\/v2\/posts"}],"about":[{"href":"https:\/\/christusnews.de\/site\/wp-json\/wp\/v2\/types\/post"}],"author":[{"embeddable":true,"href":"https:\/\/christusnews.de\/site\/wp-json\/wp\/v2\/users\/7"}],"replies":[{"embeddable":true,"href":"https:\/\/christusnews.de\/site\/wp-json\/wp\/v2\/comments?post=22262"}],"version-history":[{"count":1,"href":"https:\/\/christusnews.de\/site\/wp-json\/wp\/v2\/posts\/22262\/revisions"}],"predecessor-version":[{"id":22263,"href":"https:\/\/christusnews.de\/site\/wp-json\/wp\/v2\/posts\/22262\/revisions\/22263"}],"wp:attachment":[{"href":"https:\/\/christusnews.de\/site\/wp-json\/wp\/v2\/media?parent=22262"}],"wp:term":[{"taxonomy":"category","embeddable":true,"href":"https:\/\/christusnews.de\/site\/wp-json\/wp\/v2\/categories?post=22262"},{"taxonomy":"post_tag","embeddable":true,"href":"https:\/\/christusnews.de\/site\/wp-json\/wp\/v2\/tags?post=22262"}],"curies":[{"name":"wp","href":"https:\/\/api.w.org\/{rel}","templated":true}]}}