{"id":22272,"date":"2022-09-29T10:31:00","date_gmt":"2022-09-29T08:31:00","guid":{"rendered":"https:\/\/christusnews.de\/site\/diakonie-gaspreisbremse-bringt-entlastung-landesarmutskonferenz-warnt-vor-herbst-der-hiobsbotschaften\/"},"modified":"2022-09-30T11:17:41","modified_gmt":"2022-09-30T09:17:41","slug":"diakonie-gaspreisbremse-bringt-entlastung-landesarmutskonferenz-warnt-vor-herbst-der-hiobsbotschaften","status":"publish","type":"post","link":"https:\/\/christusnews.de\/site\/diakonie-gaspreisbremse-bringt-entlastung-landesarmutskonferenz-warnt-vor-herbst-der-hiobsbotschaften\/","title":{"rendered":"Diakonie: Gaspreisbremse bringt Entlastung &#8211; Landesarmutskonferenz warnt vor \u00abHerbst der Hiobsbotschaften\u00bb"},"content":{"rendered":"<p class=\"MsoPlainText\">Hannover (epd). Die Diakonie und die Landesamutskonferenz in Niedersachsen haben die am Donnerstag von der Bundesregierung verk\u00fcndete Gaspreisbremse begr\u00fc\u00dft. Die Regierung nehme die Sorgen und N\u00f6te der Menschen ernst, sagte Diakonie Vorstandsprecher Hans-Joachim Lenke dem Evangelischen Pressedienst (epd). Der Gesch\u00e4ftsf\u00fchrer der Landesarmutskonferenz, Klaus-Dieter Gleitze, warnte dennoch vor einem \u00abHerbst der Hiobsbotschaften f\u00fcr Arme\u00bb.<\/p>\n<p class=\"MsoPlainText\">&nbsp;<\/p>\n<p class=\"MsoPlainText\">Lenke bezeichnete die Beschl\u00fcsse der Bundesregierung als \u00abdas richtige Signal in der derzeit angespannten Situation\u00bb. F\u00fcr viele Menschen bedeute die Entscheidung eine enorme finanzielle, aber auch psychische Entlastung.<\/p>\n<p class=\"MsoPlainText\">&nbsp;<\/p>\n<p class=\"MsoPlainText\">Allerdings m\u00fcsse f\u00fcr die Bezieher des B\u00fcrgergeldes nachgesteuert werden. \u00abDer Energiekostensatz ist weiterhin zu niedrig\u00bb, mahnte Lenke. Deshalb pl\u00e4diere die Diakonie nach wie vor daf\u00fcr, \u00abdass in einer sozialen Notlage nationaler Tragweite der B\u00fcrgergeldsatz um 100 Euro f\u00fcr sechs Monate aufgestockt werden muss\u00bb. Nach Berechnungen des Deutschen Instituts f\u00fcr Wirtschaftsforschung (DIW) w\u00fcrden so die nach Einkommen unteren 20 Prozent der Haushalte wirksam entlastet werden und einen ausreichenden Ausgleich f\u00fcr die zunehmenden Belastungen durch Inflation und Energiepreissteigerungen erhalten.<\/p>\n<p class=\"MsoPlainText\">&nbsp;<\/p>\n<p class=\"MsoPlainText\">Gleitze verwies auf die aktuelle Inflationsrate, die im September&nbsp;2022 laut dem Statistischen Landesamt bei 10,1 Prozent lag. Die steigenden Preise seien eine \u00abH\u00e4ufung von sozialem Sprengstoff\u00bb. Die Legitimation der Demokratie br\u00f6ckele bereits jetzt. Angesichts von Rezession, Inflation und Corona-Krise in der kalten Jahreszeit st\u00fcnden viele Menschen vor der Frage, ob sie im Winter hungern oder frieren werden.<\/p>\n<p class=\"MsoPlainText\">&nbsp;<\/p>\n<p class=\"MsoPlainText\">\u00abWenn der Staat nicht entschieden f\u00fcr mehr soziale Gerechtigkeit sorgt, ist wachsender Zulauf bei uns f\u00fcr rechte Parteien wie in anderen Teilen Europas und f\u00fcr Demonstrationen von Verschw\u00f6rungstheoretikern programmiert\u00bb, warnte der Armutsexperte. Der Wegfall der Gaspreisumlage und die Deckelung der Gaspreise seien ein deutlicher Schritt in die richtige Richtung, \u00abdem andere zeitnah folgen m\u00fcssen\u00bb.<\/p>\n<p>Kirche-Oldenburg<br \/>\n<a href=\"https:\/\/www.kirche-oldenburg.de\/\/aktuell\/news-niedersachsen\/artikel\/diakonie-gaspreisbremse-bringt-entlastung-landesarmutskonferenz-warnt-vor-herbst-der-hiobsbotschaften\" target=\"_blank\" rel=\"noopener\">Diakonie: Gaspreisbremse bringt Entlastung &#8211; Landesarmutskonferenz warnt vor \u00abHerbst der Hiobsbotschaften\u00bb<\/a><\/p>\n","protected":false},"excerpt":{"rendered":"<p>Hannover (epd). Die Diakonie und die Landesamutskonferenz in Niedersachsen haben die am Donnerstag von der Bundesregierung verk\u00fcndete Gaspreisbremse begr\u00fc\u00dft. Die Regierung nehme die Sorgen und N\u00f6te der Menschen ernst, sagte Diakonie Vorstandsprecher Hans-Joachim Lenke dem Evangelischen Pressedienst (epd). Der Gesch\u00e4ftsf\u00fchrer der Landesarmutskonferenz, Klaus-Dieter Gleitze, warnte dennoch vor einem \u00abHerbst der Hiobsbotschaften f\u00fcr Arme\u00bb. &nbsp; Lenke bezeichnete die Beschl\u00fcsse der Bundesregierung als \u00abdas richtige Signal in der derzeit angespannten Situation\u00bb. F\u00fcr viele Menschen bedeute die Entscheidung eine enorme finanzielle, aber auch psychische Entlastung. &nbsp; Allerdings m\u00fcsse f\u00fcr die Bezieher des B\u00fcrgergeldes nachgesteuert werden. \u00abDer Energiekostensatz ist weiterhin zu niedrig\u00bb, mahnte Lenke&#8230;.<\/p>\n","protected":false},"author":7,"featured_media":0,"comment_status":"false","ping_status":"open","sticky":false,"template":"","format":"standard","meta":{"footnotes":""},"categories":[43],"tags":[44],"class_list":["post-22272","post","type-post","status-publish","format-standard","hentry","category-kirche-oldenburg","tag-kirche-oldenburg"],"_links":{"self":[{"href":"https:\/\/christusnews.de\/site\/wp-json\/wp\/v2\/posts\/22272","targetHints":{"allow":["GET"]}}],"collection":[{"href":"https:\/\/christusnews.de\/site\/wp-json\/wp\/v2\/posts"}],"about":[{"href":"https:\/\/christusnews.de\/site\/wp-json\/wp\/v2\/types\/post"}],"author":[{"embeddable":true,"href":"https:\/\/christusnews.de\/site\/wp-json\/wp\/v2\/users\/7"}],"replies":[{"embeddable":true,"href":"https:\/\/christusnews.de\/site\/wp-json\/wp\/v2\/comments?post=22272"}],"version-history":[{"count":1,"href":"https:\/\/christusnews.de\/site\/wp-json\/wp\/v2\/posts\/22272\/revisions"}],"predecessor-version":[{"id":22273,"href":"https:\/\/christusnews.de\/site\/wp-json\/wp\/v2\/posts\/22272\/revisions\/22273"}],"wp:attachment":[{"href":"https:\/\/christusnews.de\/site\/wp-json\/wp\/v2\/media?parent=22272"}],"wp:term":[{"taxonomy":"category","embeddable":true,"href":"https:\/\/christusnews.de\/site\/wp-json\/wp\/v2\/categories?post=22272"},{"taxonomy":"post_tag","embeddable":true,"href":"https:\/\/christusnews.de\/site\/wp-json\/wp\/v2\/tags?post=22272"}],"curies":[{"name":"wp","href":"https:\/\/api.w.org\/{rel}","templated":true}]}}