{"id":22274,"date":"2022-09-29T10:27:00","date_gmt":"2022-09-29T08:27:00","guid":{"rendered":"https:\/\/christusnews.de\/site\/verband-fordert-flaechendeckende-umsetzung-von-leichter-sprache\/"},"modified":"2022-09-30T11:17:41","modified_gmt":"2022-09-30T09:17:41","slug":"verband-fordert-flaechendeckende-umsetzung-von-leichter-sprache","status":"publish","type":"post","link":"https:\/\/christusnews.de\/site\/verband-fordert-flaechendeckende-umsetzung-von-leichter-sprache\/","title":{"rendered":"Verband fordert fl\u00e4chendeckende Umsetzung von \u00abLeichter Sprache\u00bb"},"content":{"rendered":"<p class=\"MsoPlainText\">Oldenburg (epd). Der Sozialverband VdK in Niedersachsen und Bremen fordert die k\u00fcnftige nieders\u00e4chsische Landesregierung auf, Bescheide und Vordrucke grunds\u00e4tzlich in \u00abLeichter Sprache\u00bb zur Verf\u00fcgung zu stellen. Obwohl mehr als 2,2 Millionen Menschen in Niedersachsen auf diese verst\u00e4ndliche Sprachform angewiesen seien, habe das Land bislang keine Verpflichtung zur \u00abLeichten Sprache\u00bb erstellt, kritisierte der Verband am Donnerstag in Oldenburg. \u00abEs darf nicht sein, dass Personen auf diese Weise vom gesellschaftlichen Leben ausgeschlossen werden\u00bb, kritisiert der Landesvorsitzende Friedrich Stubbe.<\/p>\n<p class=\"MsoPlainText\">&nbsp;<\/p>\n<p class=\"MsoPlainText\">Er verwies darauf, dass alle Menschen von einer vereinfachten Ausdrucksweise profitierten. \u00abDas betrifft l\u00e4ngst nicht nur Menschen mit einer Behinderung. Ich denke da zum Beispiel auch an die vielen Nicht-Muttersprachler, die bei der Kommunikation mit Beh\u00f6rden gro\u00dfe Schwierigkeiten haben.\u00bb Selbst vielen Muttersprachlern bereite das Beamten-Deutsch Verst\u00e4ndnisprobleme. In Niedersachsen wird am 9. Oktober eine neue Landesregierung gew\u00e4hlt.<\/p>\n<p>Kirche-Oldenburg<br \/>\n<a href=\"https:\/\/www.kirche-oldenburg.de\/\/aktuell\/news-niedersachsen\/artikel\/verband-fordert-flaechendeckende-umsetzung-von-leichter-sprache\" target=\"_blank\" rel=\"noopener\">Verband fordert fl\u00e4chendeckende Umsetzung von \u00abLeichter Sprache\u00bb<\/a><\/p>\n","protected":false},"excerpt":{"rendered":"<p>Oldenburg (epd). Der Sozialverband VdK in Niedersachsen und Bremen fordert die k\u00fcnftige nieders\u00e4chsische Landesregierung auf, Bescheide und Vordrucke grunds\u00e4tzlich in \u00abLeichter Sprache\u00bb zur Verf\u00fcgung zu stellen. Obwohl mehr als 2,2 Millionen Menschen in Niedersachsen auf diese verst\u00e4ndliche Sprachform angewiesen seien, habe das Land bislang keine Verpflichtung zur \u00abLeichten Sprache\u00bb erstellt, kritisierte der Verband am Donnerstag in Oldenburg. \u00abEs darf nicht sein, dass Personen auf diese Weise vom gesellschaftlichen Leben ausgeschlossen werden\u00bb, kritisiert der Landesvorsitzende Friedrich Stubbe. &nbsp; Er verwies darauf, dass alle Menschen von einer vereinfachten Ausdrucksweise profitierten. \u00abDas betrifft l\u00e4ngst nicht nur Menschen mit einer Behinderung. Ich denke da&#8230;<\/p>\n","protected":false},"author":7,"featured_media":0,"comment_status":"false","ping_status":"open","sticky":false,"template":"","format":"standard","meta":{"footnotes":""},"categories":[43],"tags":[44],"class_list":["post-22274","post","type-post","status-publish","format-standard","hentry","category-kirche-oldenburg","tag-kirche-oldenburg"],"_links":{"self":[{"href":"https:\/\/christusnews.de\/site\/wp-json\/wp\/v2\/posts\/22274","targetHints":{"allow":["GET"]}}],"collection":[{"href":"https:\/\/christusnews.de\/site\/wp-json\/wp\/v2\/posts"}],"about":[{"href":"https:\/\/christusnews.de\/site\/wp-json\/wp\/v2\/types\/post"}],"author":[{"embeddable":true,"href":"https:\/\/christusnews.de\/site\/wp-json\/wp\/v2\/users\/7"}],"replies":[{"embeddable":true,"href":"https:\/\/christusnews.de\/site\/wp-json\/wp\/v2\/comments?post=22274"}],"version-history":[{"count":1,"href":"https:\/\/christusnews.de\/site\/wp-json\/wp\/v2\/posts\/22274\/revisions"}],"predecessor-version":[{"id":22275,"href":"https:\/\/christusnews.de\/site\/wp-json\/wp\/v2\/posts\/22274\/revisions\/22275"}],"wp:attachment":[{"href":"https:\/\/christusnews.de\/site\/wp-json\/wp\/v2\/media?parent=22274"}],"wp:term":[{"taxonomy":"category","embeddable":true,"href":"https:\/\/christusnews.de\/site\/wp-json\/wp\/v2\/categories?post=22274"},{"taxonomy":"post_tag","embeddable":true,"href":"https:\/\/christusnews.de\/site\/wp-json\/wp\/v2\/tags?post=22274"}],"curies":[{"name":"wp","href":"https:\/\/api.w.org\/{rel}","templated":true}]}}