{"id":22290,"date":"2022-10-02T08:18:00","date_gmt":"2022-10-02T06:18:00","guid":{"rendered":"https:\/\/christusnews.de\/site\/landesbischof-meister-fordert-mehr-respekt-fuer-landwirtschaft\/"},"modified":"2022-10-04T11:17:50","modified_gmt":"2022-10-04T09:17:50","slug":"landesbischof-meister-fordert-mehr-respekt-fuer-landwirtschaft","status":"publish","type":"post","link":"https:\/\/christusnews.de\/site\/landesbischof-meister-fordert-mehr-respekt-fuer-landwirtschaft\/","title":{"rendered":"Landesbischof Meister fordert mehr Respekt f\u00fcr Landwirtschaft"},"content":{"rendered":"<p class=\"MsoPlainText\">Hameln (epd). Der hannoversche Landesbischof Ralf Meister hat in seiner Erntedankpredigt die Verschwendung von Lebensmitteln angeprangert. Zugleich forderte er mehr Respekt f\u00fcr die Arbeit von Landwirten und Landwirten. Diese st\u00fcnden in Niedersachsen wie keine zweite Berufsgruppe f\u00fcr die Grundversorgung der Menschen mit Lebensmitteln, sagte der evangelische Bischof am Sonntag in der Marktkirche in Hameln.<\/p>\n<p class=\"MsoPlainText\">&nbsp;<\/p>\n<p class=\"MsoPlainText\">\u00abStrukturwandel, globale, nationale und lokale Ver\u00e4nderungen sind f\u00fcr ein Landvolk, das auf eine 75-j\u00e4hrige Geschichte in Niedersachsen blickt, nichts Ungewohntes\u00bb, sagte er laut Manuskript. Allerdings sei der Respekt vor landwirtschaftlicher Arbeit abhandengekommen. \u00abBeim Gang durch die Supermarktregale bekommen wir alles und in jeder Menge, fast schon rund um die Uhr\u00bb, erl\u00e4uterte der Bischof. \u00abDas Erschrecken \u00fcber L\u00fccken in gut gef\u00fcllten Regalen w\u00e4hrend der Corona-Zeit war eine Offenbarung.\u00bb<\/p>\n<p class=\"MsoPlainText\">&nbsp;<\/p>\n<p class=\"MsoPlainText\">Menschen h\u00e4tten die Achtsamkeit verloren. \u00abEs ist ein Skandal, wie viele Lebensmittel nicht in den Verbraucherkreislauf kommen, weil sie bestimmten Normen nicht entsprechen.\u00bb Gleiches gelte, wenn Lebensmittel liegen blieben, weil Menschen sich sklavisch an Haltbarkeitsgrenzen klammerten und den eigenen Sinnen nicht mehr trauten. \u00abTonnen von Lebensmitteln landen deshalb auf dem M\u00fcll.\u00bb<\/p>\n<p class=\"MsoPlainText\">&nbsp;<\/p>\n<p class=\"MsoPlainText\">Alle Initiativen, die diese Verschwendung verhindern, m\u00fcssten unterst\u00fctzt werden, forderte Meister. Pers\u00f6nlich wie gesellschaftlich gelte es, Verantwortung zu \u00fcbernehmen. \u00abDenn wir haben nicht zu wenig. Wir haben zu viel und verteilen es nicht gerecht.\u00bb Die biblische Antwort auf die Frage, wann es f\u00fcr alle reiche, laute: \u00abWenn wir Not wahrnehmen. Wenn wir Verantwortung f\u00fcreinander \u00fcbernehmen. Wenn wir Gott vertrauen und dankbar auf das sehen, was da ist.\u00bb<\/p>\n<p>Kirche-Oldenburg<br \/>\n<a href=\"https:\/\/www.kirche-oldenburg.de\/\/aktuell\/news-niedersachsen\/artikel\/landesbischof-meister-fordert-mehr-respekt-fuer-landwirtschaft\" target=\"_blank\" rel=\"noopener\">Landesbischof Meister fordert mehr Respekt f\u00fcr Landwirtschaft<\/a><\/p>\n","protected":false},"excerpt":{"rendered":"<p>Hameln (epd). Der hannoversche Landesbischof Ralf Meister hat in seiner Erntedankpredigt die Verschwendung von Lebensmitteln angeprangert. Zugleich forderte er mehr Respekt f\u00fcr die Arbeit von Landwirten und Landwirten. Diese st\u00fcnden in Niedersachsen wie keine zweite Berufsgruppe f\u00fcr die Grundversorgung der Menschen mit Lebensmitteln, sagte der evangelische Bischof am Sonntag in der Marktkirche in Hameln. &nbsp; \u00abStrukturwandel, globale, nationale und lokale Ver\u00e4nderungen sind f\u00fcr ein Landvolk, das auf eine 75-j\u00e4hrige Geschichte in Niedersachsen blickt, nichts Ungewohntes\u00bb, sagte er laut Manuskript. Allerdings sei der Respekt vor landwirtschaftlicher Arbeit abhandengekommen. \u00abBeim Gang durch die Supermarktregale bekommen wir alles und in jeder Menge, fast&#8230;<\/p>\n","protected":false},"author":7,"featured_media":0,"comment_status":"false","ping_status":"open","sticky":false,"template":"","format":"standard","meta":{"footnotes":""},"categories":[43],"tags":[44],"class_list":["post-22290","post","type-post","status-publish","format-standard","hentry","category-kirche-oldenburg","tag-kirche-oldenburg"],"_links":{"self":[{"href":"https:\/\/christusnews.de\/site\/wp-json\/wp\/v2\/posts\/22290","targetHints":{"allow":["GET"]}}],"collection":[{"href":"https:\/\/christusnews.de\/site\/wp-json\/wp\/v2\/posts"}],"about":[{"href":"https:\/\/christusnews.de\/site\/wp-json\/wp\/v2\/types\/post"}],"author":[{"embeddable":true,"href":"https:\/\/christusnews.de\/site\/wp-json\/wp\/v2\/users\/7"}],"replies":[{"embeddable":true,"href":"https:\/\/christusnews.de\/site\/wp-json\/wp\/v2\/comments?post=22290"}],"version-history":[{"count":1,"href":"https:\/\/christusnews.de\/site\/wp-json\/wp\/v2\/posts\/22290\/revisions"}],"predecessor-version":[{"id":22291,"href":"https:\/\/christusnews.de\/site\/wp-json\/wp\/v2\/posts\/22290\/revisions\/22291"}],"wp:attachment":[{"href":"https:\/\/christusnews.de\/site\/wp-json\/wp\/v2\/media?parent=22290"}],"wp:term":[{"taxonomy":"category","embeddable":true,"href":"https:\/\/christusnews.de\/site\/wp-json\/wp\/v2\/categories?post=22290"},{"taxonomy":"post_tag","embeddable":true,"href":"https:\/\/christusnews.de\/site\/wp-json\/wp\/v2\/tags?post=22290"}],"curies":[{"name":"wp","href":"https:\/\/api.w.org\/{rel}","templated":true}]}}