{"id":22292,"date":"2022-10-02T08:16:00","date_gmt":"2022-10-02T06:16:00","guid":{"rendered":"https:\/\/christusnews.de\/site\/kirchen-feiern-erstmals-gemeinsames-landeserntedankfest-in-hildesheim\/"},"modified":"2022-10-04T11:17:51","modified_gmt":"2022-10-04T09:17:51","slug":"kirchen-feiern-erstmals-gemeinsames-landeserntedankfest-in-hildesheim","status":"publish","type":"post","link":"https:\/\/christusnews.de\/site\/kirchen-feiern-erstmals-gemeinsames-landeserntedankfest-in-hildesheim\/","title":{"rendered":"Kirchen feiern erstmals gemeinsames Landeserntedankfest in Hildesheim"},"content":{"rendered":"<p class=\"MsoPlainText\">Hildesheim (epd). Der Hildesheimer katholische Bischof Heiner Wilmer hat zum Erntedankfest zum Ma\u00df halten und zum Respekt gegen\u00fcber der Sch\u00f6pfung aufgerufen. Die Menschen seien auf der Erde Gast und sollten sich auch so verhalten, sagte Wilmer bei der Feier in der Basilika St. Godehard in Hildesheim. \u00abAktuell benehmen wir uns leider nicht danach. Wir \u00fcberreizen die planetaren Grenzen, br\u00e4uchten hier in Deutschland eigentlich drei Erden, um unsere Anspr\u00fcche zu befriedigen.\u00bb Das Bistum Hildesheim und die Konf\u00f6deration evangelischer Kirchen in Niedersachsen hatten gemeinsam zum Landeserntedankfest eingeladen, das erstmals \u00f6kumenisch begangen wurde.<\/p>\n<p class=\"MsoPlainText\">&nbsp;<\/p>\n<p class=\"MsoPlainText\">Sie richteten das Fest zusammen mit der Land- und Ern\u00e4hrungswirtschaft in Niedersachsen unter dem Leitvers \u00ab das Land geh\u00f6rt mir, und ihr seid Fremdlinge und G\u00e4ste bei mir\u00bb aus. Wilmer sagte laut Predigtmanuskript: \u00abWir verbrauchen zu viel an Land, an fossiler Energie, an Wasser, an D\u00fcnger, an s\u00e4mtlichen Ressourcen. Gast zu sein bedeutet hingegen, sich einzuf\u00fcgen in die Abl\u00e4ufe und Gewohnheiten vor Ort.\u00bb<\/p>\n<p class=\"MsoPlainText\">&nbsp;<\/p>\n<p class=\"MsoPlainText\">\u00abVielleicht ist es utopisch, vielleicht revolution\u00e4r, in einer Gesellschaft des H\u00f6her, Schneller, Weiter ein bewusstes Zur\u00fcckfahren einzu\u00fcben f\u00fcr den Boden, f\u00fcr die Menschen, f\u00fcr die Tiere, f\u00fcr Gott\u00bb, sagte der Bischof. N\u00f6tig seien ungewohnte Pfade, um schlie\u00dflich gemeinschaftlich und solidarisch anders unterwegs zu sein.<\/p>\n<p class=\"MsoPlainText\">&nbsp;<\/p>\n<p class=\"MsoPlainText\">Niedersachsens Landwirtschaftsministerin Barbara Otte-Kinast (CDU) und der Pr\u00e4sident des Landvolkes Niedersachsen, Holger Hennies, sprachen bei der Feier Gru\u00dfworte. Vertreter und Vertreterinnen von Unternehmen, Verb\u00e4nden und Organisationen aus der Land- und Ern\u00e4hrungswirtschaft informierten \u00fcber ihre Arbeit.<\/p>\n<p>Kirche-Oldenburg<br \/>\n<a href=\"https:\/\/www.kirche-oldenburg.de\/\/aktuell\/news-niedersachsen\/artikel\/kirchen-feiern-erstmals-gemeinsames-landeserntedankfest-in-hildesheim\" target=\"_blank\" rel=\"noopener\">Kirchen feiern erstmals gemeinsames Landeserntedankfest in Hildesheim<\/a><\/p>\n","protected":false},"excerpt":{"rendered":"<p>Hildesheim (epd). Der Hildesheimer katholische Bischof Heiner Wilmer hat zum Erntedankfest zum Ma\u00df halten und zum Respekt gegen\u00fcber der Sch\u00f6pfung aufgerufen. Die Menschen seien auf der Erde Gast und sollten sich auch so verhalten, sagte Wilmer bei der Feier in der Basilika St. Godehard in Hildesheim. \u00abAktuell benehmen wir uns leider nicht danach. Wir \u00fcberreizen die planetaren Grenzen, br\u00e4uchten hier in Deutschland eigentlich drei Erden, um unsere Anspr\u00fcche zu befriedigen.\u00bb Das Bistum Hildesheim und die Konf\u00f6deration evangelischer Kirchen in Niedersachsen hatten gemeinsam zum Landeserntedankfest eingeladen, das erstmals \u00f6kumenisch begangen wurde. &nbsp; Sie richteten das Fest zusammen mit der Land- und&#8230;<\/p>\n","protected":false},"author":7,"featured_media":0,"comment_status":"false","ping_status":"open","sticky":false,"template":"","format":"standard","meta":{"footnotes":""},"categories":[43],"tags":[44],"class_list":["post-22292","post","type-post","status-publish","format-standard","hentry","category-kirche-oldenburg","tag-kirche-oldenburg"],"_links":{"self":[{"href":"https:\/\/christusnews.de\/site\/wp-json\/wp\/v2\/posts\/22292","targetHints":{"allow":["GET"]}}],"collection":[{"href":"https:\/\/christusnews.de\/site\/wp-json\/wp\/v2\/posts"}],"about":[{"href":"https:\/\/christusnews.de\/site\/wp-json\/wp\/v2\/types\/post"}],"author":[{"embeddable":true,"href":"https:\/\/christusnews.de\/site\/wp-json\/wp\/v2\/users\/7"}],"replies":[{"embeddable":true,"href":"https:\/\/christusnews.de\/site\/wp-json\/wp\/v2\/comments?post=22292"}],"version-history":[{"count":1,"href":"https:\/\/christusnews.de\/site\/wp-json\/wp\/v2\/posts\/22292\/revisions"}],"predecessor-version":[{"id":22293,"href":"https:\/\/christusnews.de\/site\/wp-json\/wp\/v2\/posts\/22292\/revisions\/22293"}],"wp:attachment":[{"href":"https:\/\/christusnews.de\/site\/wp-json\/wp\/v2\/media?parent=22292"}],"wp:term":[{"taxonomy":"category","embeddable":true,"href":"https:\/\/christusnews.de\/site\/wp-json\/wp\/v2\/categories?post=22292"},{"taxonomy":"post_tag","embeddable":true,"href":"https:\/\/christusnews.de\/site\/wp-json\/wp\/v2\/tags?post=22292"}],"curies":[{"name":"wp","href":"https:\/\/api.w.org\/{rel}","templated":true}]}}