{"id":22294,"date":"2022-10-01T08:12:00","date_gmt":"2022-10-01T06:12:00","guid":{"rendered":"https:\/\/christusnews.de\/site\/godehard-jahr-bischof-wilmer-wuerdigt-christliches-vorbild\/"},"modified":"2022-10-04T11:17:51","modified_gmt":"2022-10-04T09:17:51","slug":"godehard-jahr-bischof-wilmer-wuerdigt-christliches-vorbild","status":"publish","type":"post","link":"https:\/\/christusnews.de\/site\/godehard-jahr-bischof-wilmer-wuerdigt-christliches-vorbild\/","title":{"rendered":"Godehard-Jahr: Bischof Wilmer w\u00fcrdigt \u00abchristliches Vorbild\u00bb"},"content":{"rendered":"<p class=\"MsoPlainText\">Hildesheim\/G\u00f6ttingen (epd). Der Hildesheimer katholische Bischof Heiner Wilmer hat am Sonnabend an seinen Amtsvorg\u00e4nger, den Heiligen Godehard (960-1038) erinnert. \u00abAuch so ein gro\u00dfes christliches Vorbild, wie Godehard es war, brauchte den Wink des Himmels, die Zusage, dass er mit seinen vielen Aufgaben nicht allein ist und nicht alles alleine tragen muss\u00bb, sagte Wilmer in einem \u00f6kumenischen Freiluft-Gottesdienst in G\u00f6ttingen. Vorausblickend auf das 1000. Jubil\u00e4um der Bischofsweihe Godehards hatte dazu die evangelische Friedenskirchen-Gemeinde an den Ort der fr\u00fcheren K\u00f6nigspfalz Grona auf dem Hagenberg eingeladen.<\/p>\n<p class=\"MsoPlainText\">&nbsp;<\/p>\n<p class=\"MsoPlainText\">Dort wurde am 2. Dezember 1022 der bayerische Benediktinerm\u00f6nch und Abt Godehard zum Bischof von Hildesheim geweiht &#8211; auf Wunsch des sp\u00e4ter ebenfalls heilig gesprochenen Kaisers Heinrich II. (973-1024). Godehard gilt als einer der bekanntesten Heiligen des Mittelalters und als einer der einflussreichsten Hildesheimer Bisch\u00f6fe.<\/p>\n<p class=\"MsoPlainText\">&nbsp;<\/p>\n<p class=\"MsoPlainText\">Zuvor hatte sich Godehard als Wirtschaftsreformer in mehreren Kl\u00f6stern sowie als Erbauer von Kirchen einen Namen gemacht. Er gilt als Bayerns gr\u00f6\u00dfter Baumeister des Fr\u00fchmittelalters. Das Bistum Hildesheim feiert 2022 als Godehard-Jahr.<\/p>\n<p class=\"MsoPlainText\">&nbsp;<\/p>\n<p class=\"MsoPlainText\">Wilmer schilderte laut Manuskript, wie Godehard sich zun\u00e4chst str\u00e4ubte, das Bischofsamt anzunehmen. \u00abEs gibt diese Situationen in unserem Leben: Wir stehen wie vor einem Berg, wir kommen nicht weiter, alles str\u00e4ubt sich in uns. Wir haben das Gef\u00fchl, f\u00fcr eine neue Aufgabe, f\u00fcr ein kl\u00e4rendes Gespr\u00e4ch, f\u00fcr eine komplizierte Therapie nicht genug Kraft zu haben\u00bb, sagte er. Doch dann sei der Wandel gekommen. \u00abPl\u00f6tzlich kann er darauf vertrauen, mit Gottes Kraft den Weg weitergehen zu k\u00f6nnen. Alles menschliche Zureden hatte nichts geholfen. Es brauchte den Wink des Himmels.\u00bb<\/p>\n<p>Kirche-Oldenburg<br \/>\n<a href=\"https:\/\/www.kirche-oldenburg.de\/\/aktuell\/news-niedersachsen\/artikel\/godehard-jahr-bischof-wilmer-wuerdigt-christliches-vorbild\" target=\"_blank\" rel=\"noopener\">Godehard-Jahr: Bischof Wilmer w\u00fcrdigt \u00abchristliches Vorbild\u00bb<\/a><\/p>\n","protected":false},"excerpt":{"rendered":"<p>Hildesheim\/G\u00f6ttingen (epd). Der Hildesheimer katholische Bischof Heiner Wilmer hat am Sonnabend an seinen Amtsvorg\u00e4nger, den Heiligen Godehard (960-1038) erinnert. \u00abAuch so ein gro\u00dfes christliches Vorbild, wie Godehard es war, brauchte den Wink des Himmels, die Zusage, dass er mit seinen vielen Aufgaben nicht allein ist und nicht alles alleine tragen muss\u00bb, sagte Wilmer in einem \u00f6kumenischen Freiluft-Gottesdienst in G\u00f6ttingen. Vorausblickend auf das 1000. Jubil\u00e4um der Bischofsweihe Godehards hatte dazu die evangelische Friedenskirchen-Gemeinde an den Ort der fr\u00fcheren K\u00f6nigspfalz Grona auf dem Hagenberg eingeladen. &nbsp; Dort wurde am 2. Dezember 1022 der bayerische Benediktinerm\u00f6nch und Abt Godehard zum Bischof von Hildesheim&#8230;<\/p>\n","protected":false},"author":7,"featured_media":0,"comment_status":"false","ping_status":"open","sticky":false,"template":"","format":"standard","meta":{"footnotes":""},"categories":[43],"tags":[44],"class_list":["post-22294","post","type-post","status-publish","format-standard","hentry","category-kirche-oldenburg","tag-kirche-oldenburg"],"_links":{"self":[{"href":"https:\/\/christusnews.de\/site\/wp-json\/wp\/v2\/posts\/22294","targetHints":{"allow":["GET"]}}],"collection":[{"href":"https:\/\/christusnews.de\/site\/wp-json\/wp\/v2\/posts"}],"about":[{"href":"https:\/\/christusnews.de\/site\/wp-json\/wp\/v2\/types\/post"}],"author":[{"embeddable":true,"href":"https:\/\/christusnews.de\/site\/wp-json\/wp\/v2\/users\/7"}],"replies":[{"embeddable":true,"href":"https:\/\/christusnews.de\/site\/wp-json\/wp\/v2\/comments?post=22294"}],"version-history":[{"count":1,"href":"https:\/\/christusnews.de\/site\/wp-json\/wp\/v2\/posts\/22294\/revisions"}],"predecessor-version":[{"id":22295,"href":"https:\/\/christusnews.de\/site\/wp-json\/wp\/v2\/posts\/22294\/revisions\/22295"}],"wp:attachment":[{"href":"https:\/\/christusnews.de\/site\/wp-json\/wp\/v2\/media?parent=22294"}],"wp:term":[{"taxonomy":"category","embeddable":true,"href":"https:\/\/christusnews.de\/site\/wp-json\/wp\/v2\/categories?post=22294"},{"taxonomy":"post_tag","embeddable":true,"href":"https:\/\/christusnews.de\/site\/wp-json\/wp\/v2\/tags?post=22294"}],"curies":[{"name":"wp","href":"https:\/\/api.w.org\/{rel}","templated":true}]}}