{"id":22296,"date":"2022-10-01T08:10:00","date_gmt":"2022-10-01T06:10:00","guid":{"rendered":"https:\/\/christusnews.de\/site\/behindertenverband-fordert-500-euro-fuer-beschaeftigte-in-werkstaetten\/"},"modified":"2022-10-04T11:17:52","modified_gmt":"2022-10-04T09:17:52","slug":"behindertenverband-fordert-500-euro-fuer-beschaeftigte-in-werkstaetten","status":"publish","type":"post","link":"https:\/\/christusnews.de\/site\/behindertenverband-fordert-500-euro-fuer-beschaeftigte-in-werkstaetten\/","title":{"rendered":"Behindertenverband fordert 500 Euro f\u00fcr Besch\u00e4ftigte in Werkst\u00e4tten"},"content":{"rendered":"<p class=\"MsoPlainText\">Hannover (epd). Der \u00abAllgemeine Behindertenverband in Deutschland\u00bb hat mit Blick auf die gesetzliche Mindestlohnerh\u00f6hung auch ein h\u00f6heres Entgelt f\u00fcr Besch\u00e4ftigte in Behindertenwerkst\u00e4tten gefordert. \u00abDer Lohn f\u00fcr Behinderte in Werkst\u00e4tten muss dringend auf mindestens&nbsp;500 Euro im Monat erh\u00f6ht werden\u00bb, sagte der Vorsitzende Marcus Graubner dem \u00abRedaktionsNetzwerk Deutschland\u00bb (Samstag). \u00abAktuell verdienen Menschen in Behindertenwerkst\u00e4tten durchschnittlich 160 Euro pro Monat.\u00bb<\/p>\n<p class=\"MsoPlainText\">&nbsp;<\/p>\n<p class=\"MsoPlainText\">Graubner betonte: \u00abDas ist viel zu wenig, besonders in Zeiten von Inflation und Energiepreissteigerungen.\u00bb Bei der Arbeit in den Werkst\u00e4tten m\u00fcsse es auch um Selbstbestimmung und die Erziehung zur Selbstst\u00e4ndigkeit gehen. \u00abDaf\u00fcr sind auch Entgelte notwendig, die beim Bestreiten des Alltags unterst\u00fctzen.\u00bb<\/p>\n<p class=\"MsoPlainText\">&nbsp;<\/p>\n<p class=\"MsoPlainText\">Behinderte, die in Werkst\u00e4tten arbeiten, haben keinen Anspruch auf den gesetzlichen Mindestlohn, der zum 1. Oktober auf 12 Euro steigt.&nbsp;Sie erhalten den Angaben zufolge von den Werkst\u00e4tten mindestens 109 Euro pro Monat, hinzu kommt ein Steigerungsbetrag &#8211; beides wird aus der Erwirtschaftung der Werkstatt finanziert. Dazu bekommen sie ein steuerfinanziertes Arbeitsf\u00f6rderungsgeld von 52 Euro. Viele erhalten Rente oder Grundsicherung. Der \u00abAllgemeine Behindertenverband in Deutschland\u00bb mit Sitz in Berlin ist nach eigenen Angaben ein Selbsthilfeverband behinderter Menschen, ihrer Angeh\u00f6rigen und Freunde.<\/p>\n<p>Kirche-Oldenburg<br \/>\n<a href=\"https:\/\/www.kirche-oldenburg.de\/\/aktuell\/news-niedersachsen\/artikel\/behindertenverband-fordert-500-euro-fuer-beschaeftigte-in-werkstaetten\" target=\"_blank\" rel=\"noopener\">Behindertenverband fordert 500 Euro f\u00fcr Besch\u00e4ftigte in Werkst\u00e4tten<\/a><\/p>\n","protected":false},"excerpt":{"rendered":"<p>Hannover (epd). Der \u00abAllgemeine Behindertenverband in Deutschland\u00bb hat mit Blick auf die gesetzliche Mindestlohnerh\u00f6hung auch ein h\u00f6heres Entgelt f\u00fcr Besch\u00e4ftigte in Behindertenwerkst\u00e4tten gefordert. \u00abDer Lohn f\u00fcr Behinderte in Werkst\u00e4tten muss dringend auf mindestens&nbsp;500 Euro im Monat erh\u00f6ht werden\u00bb, sagte der Vorsitzende Marcus Graubner dem \u00abRedaktionsNetzwerk Deutschland\u00bb (Samstag). \u00abAktuell verdienen Menschen in Behindertenwerkst\u00e4tten durchschnittlich 160 Euro pro Monat.\u00bb &nbsp; Graubner betonte: \u00abDas ist viel zu wenig, besonders in Zeiten von Inflation und Energiepreissteigerungen.\u00bb Bei der Arbeit in den Werkst\u00e4tten m\u00fcsse es auch um Selbstbestimmung und die Erziehung zur Selbstst\u00e4ndigkeit gehen. \u00abDaf\u00fcr sind auch Entgelte notwendig, die beim Bestreiten des Alltags unterst\u00fctzen.\u00bb&#8230;<\/p>\n","protected":false},"author":7,"featured_media":0,"comment_status":"false","ping_status":"open","sticky":false,"template":"","format":"standard","meta":{"footnotes":""},"categories":[43],"tags":[44],"class_list":["post-22296","post","type-post","status-publish","format-standard","hentry","category-kirche-oldenburg","tag-kirche-oldenburg"],"_links":{"self":[{"href":"https:\/\/christusnews.de\/site\/wp-json\/wp\/v2\/posts\/22296","targetHints":{"allow":["GET"]}}],"collection":[{"href":"https:\/\/christusnews.de\/site\/wp-json\/wp\/v2\/posts"}],"about":[{"href":"https:\/\/christusnews.de\/site\/wp-json\/wp\/v2\/types\/post"}],"author":[{"embeddable":true,"href":"https:\/\/christusnews.de\/site\/wp-json\/wp\/v2\/users\/7"}],"replies":[{"embeddable":true,"href":"https:\/\/christusnews.de\/site\/wp-json\/wp\/v2\/comments?post=22296"}],"version-history":[{"count":1,"href":"https:\/\/christusnews.de\/site\/wp-json\/wp\/v2\/posts\/22296\/revisions"}],"predecessor-version":[{"id":22297,"href":"https:\/\/christusnews.de\/site\/wp-json\/wp\/v2\/posts\/22296\/revisions\/22297"}],"wp:attachment":[{"href":"https:\/\/christusnews.de\/site\/wp-json\/wp\/v2\/media?parent=22296"}],"wp:term":[{"taxonomy":"category","embeddable":true,"href":"https:\/\/christusnews.de\/site\/wp-json\/wp\/v2\/categories?post=22296"},{"taxonomy":"post_tag","embeddable":true,"href":"https:\/\/christusnews.de\/site\/wp-json\/wp\/v2\/tags?post=22296"}],"curies":[{"name":"wp","href":"https:\/\/api.w.org\/{rel}","templated":true}]}}