{"id":22311,"date":"2022-10-04T09:27:00","date_gmt":"2022-10-04T07:27:00","guid":{"rendered":"https:\/\/christusnews.de\/site\/landeskirche-und-bistum-bieten-fachtag-zur-umnutzung-von-kirchen-an\/"},"modified":"2022-10-05T11:17:26","modified_gmt":"2022-10-05T09:17:26","slug":"landeskirche-und-bistum-bieten-fachtag-zur-umnutzung-von-kirchen-an","status":"publish","type":"post","link":"https:\/\/christusnews.de\/site\/landeskirche-und-bistum-bieten-fachtag-zur-umnutzung-von-kirchen-an\/","title":{"rendered":"Landeskirche und Bistum bieten Fachtag zur Umnutzung von Kirchen an\u00a0"},"content":{"rendered":"<p class=\"MsoPlainText\">Wolfsburg (epd). Da sich die beiden gro\u00dfen Kirchen in Zukunft von weiteren Kirchengeb\u00e4uden trennen m\u00fcssen, bieten die hannoversche Landeskirche und das Bistum Hildesheim einen gemeinsamen Fachtag zum Thema an. Kirchenverkauf, -umwidmung oder -nachnutzung seien komplexe Themen und viele Gemeinden h\u00e4tten dabei hohen Orientierungsbedarf, sagte Matthias Surall, Leiter des Arbeitsfeldes Kunst und Kultur im Haus kirchlicher Dienste der evangelischen Landeskirche. Der Fachtag findet unter dem Thema \u00abKirchbaukunst der 1950er bis 1970er Jahre\u00bb am 2. November in Wolfsburg-Detmerode statt.<\/p>\n<p class=\"MsoPlainText\">&nbsp;<\/p>\n<p class=\"MsoPlainText\">\u00abUnsere Landeskirche verf\u00fcgt \u00fcber eine hohe Anzahl von Kirchen aus der Nachkriegszeit, die teilweise unter Denkmalschutz stehen\u00bb, f\u00fchrte Surall aus. Verantwortliche br\u00e4uchten Kriterien, um etwa den architektonischen und k\u00fcnstlerischen Wert der Bauten einsch\u00e4tzen zu k\u00f6nnen. Der Fachtag findet sowohl in der evangelischen Stephanus- als auch in der katholischen St.-Raphaels-Kirche statt. Stephanus wurde von dem finnischen Stararchitekten Alvar Aalto entworfen und steht unter Denkmalschutz. St. Raphael, ein Geb\u00e4udeensemble, ist ein sogenannter brutalistischer Bau mit viel Sichtbeton.<\/p>\n<p class=\"MsoPlainText\">&nbsp;<\/p>\n<p class=\"MsoPlainText\">Eingeladen ist Professorin Stefanie Lieb von der Katholischen Akademie Schwerte, die ein DFG-Forschungsprojekt zum Thema \u00abSakralraumtransformation in Deutschland\u00bb leitet. Ihr Dialogpartner ist Johann Hinrich Claussen, Kulturbeauftragter des Rates der Evangelischen Kirchen Deutschlands (EKD). Die weiteren Referenten reichten von Kirchenvertretern bis zu Vertretern von Architekturgremien oder Denkmalschutz.<\/p>\n<p>Kirche-Oldenburg<br \/>\n<a href=\"https:\/\/www.kirche-oldenburg.de\/\/aktuell\/news-niedersachsen\/artikel\/landeskirche-und-bistum-bieten-fachtag-zur-umnutzung-von-kirchen-an\" target=\"_blank\" rel=\"noopener\">Landeskirche und Bistum bieten Fachtag zur Umnutzung von Kirchen an\u00a0<\/a><\/p>\n","protected":false},"excerpt":{"rendered":"<p>Wolfsburg (epd). Da sich die beiden gro\u00dfen Kirchen in Zukunft von weiteren Kirchengeb\u00e4uden trennen m\u00fcssen, bieten die hannoversche Landeskirche und das Bistum Hildesheim einen gemeinsamen Fachtag zum Thema an. Kirchenverkauf, -umwidmung oder -nachnutzung seien komplexe Themen und viele Gemeinden h\u00e4tten dabei hohen Orientierungsbedarf, sagte Matthias Surall, Leiter des Arbeitsfeldes Kunst und Kultur im Haus kirchlicher Dienste der evangelischen Landeskirche. Der Fachtag findet unter dem Thema \u00abKirchbaukunst der 1950er bis 1970er Jahre\u00bb am 2. November in Wolfsburg-Detmerode statt. &nbsp; \u00abUnsere Landeskirche verf\u00fcgt \u00fcber eine hohe Anzahl von Kirchen aus der Nachkriegszeit, die teilweise unter Denkmalschutz stehen\u00bb, f\u00fchrte Surall aus. Verantwortliche br\u00e4uchten&#8230;<\/p>\n","protected":false},"author":7,"featured_media":0,"comment_status":"false","ping_status":"open","sticky":false,"template":"","format":"standard","meta":{"footnotes":""},"categories":[43],"tags":[44],"class_list":["post-22311","post","type-post","status-publish","format-standard","hentry","category-kirche-oldenburg","tag-kirche-oldenburg"],"_links":{"self":[{"href":"https:\/\/christusnews.de\/site\/wp-json\/wp\/v2\/posts\/22311","targetHints":{"allow":["GET"]}}],"collection":[{"href":"https:\/\/christusnews.de\/site\/wp-json\/wp\/v2\/posts"}],"about":[{"href":"https:\/\/christusnews.de\/site\/wp-json\/wp\/v2\/types\/post"}],"author":[{"embeddable":true,"href":"https:\/\/christusnews.de\/site\/wp-json\/wp\/v2\/users\/7"}],"replies":[{"embeddable":true,"href":"https:\/\/christusnews.de\/site\/wp-json\/wp\/v2\/comments?post=22311"}],"version-history":[{"count":1,"href":"https:\/\/christusnews.de\/site\/wp-json\/wp\/v2\/posts\/22311\/revisions"}],"predecessor-version":[{"id":22312,"href":"https:\/\/christusnews.de\/site\/wp-json\/wp\/v2\/posts\/22311\/revisions\/22312"}],"wp:attachment":[{"href":"https:\/\/christusnews.de\/site\/wp-json\/wp\/v2\/media?parent=22311"}],"wp:term":[{"taxonomy":"category","embeddable":true,"href":"https:\/\/christusnews.de\/site\/wp-json\/wp\/v2\/categories?post=22311"},{"taxonomy":"post_tag","embeddable":true,"href":"https:\/\/christusnews.de\/site\/wp-json\/wp\/v2\/tags?post=22311"}],"curies":[{"name":"wp","href":"https:\/\/api.w.org\/{rel}","templated":true}]}}