{"id":22313,"date":"2022-10-04T09:25:00","date_gmt":"2022-10-04T07:25:00","guid":{"rendered":"https:\/\/christusnews.de\/site\/sozialverband-barrierefreiheit-noch-in-weiter-ferne\/"},"modified":"2022-10-05T11:17:27","modified_gmt":"2022-10-05T09:17:27","slug":"sozialverband-barrierefreiheit-noch-in-weiter-ferne","status":"publish","type":"post","link":"https:\/\/christusnews.de\/site\/sozialverband-barrierefreiheit-noch-in-weiter-ferne\/","title":{"rendered":"Sozialverband: Barrierefreiheit noch in weiter Ferne"},"content":{"rendered":"<p class=\"MsoPlainText\">Oldenburg (epd). Der Sozialverband VdK Niedersachsen-Bremen beklagt anhaltende Barrieren im \u00f6ffentlichen Nahverkehr. Das Ziel, bis Anfang 2022 eine Barrierefreiheit zu schaffen, sei bei Weitem nicht erreicht, sagte der nieders\u00e4chsische Landesvorsitzende Friedrich Stubbe am Dienstag in Hannover. \u00abDas Verfehlen dieser Vorgabe aus dem Behindertengleichstellungsgesetz wird vonseiten der Politik nur mit einem Schulterzucken abgetan. So ein Verhalten ist ein Schlag ins Gesicht f\u00fcr alle Menschen, die darauf angewiesen sind.\u00bb<\/p>\n<p class=\"MsoPlainText\">&nbsp;<\/p>\n<p class=\"MsoPlainText\">Neben der Barrierefreiheit im \u00f6ffentlichen Nahverkehr seien auch barrierefreie Wohnungen, Arztpraxen und Einkaufsm\u00f6glichkeiten n\u00f6tig, betone Stubbe. Er kritisierte, dass zum Beispiel die Landesnahverkehrsgesellschaft Niedersachsen bei Modernisierungen in den Z\u00fcgen Rollstuhlpl\u00e4tze einkassiert und elektrische Rampen zur\u00fcckgebaut habe. \u00abWie eine Landesbeh\u00f6rde solch einen R\u00fcckschritt zulassen kann, ist f\u00fcr uns v\u00f6llig unverst\u00e4ndlich.\u00bb Zugleich gebe es einen Aufpreis f\u00fcr Taxifahrten von Menschen mit einer Behinderung, der in Teilen von Niedersachsen geplant oder sogar schon umgesetzt sei.<\/p>\n<p class=\"MsoPlainText\">&nbsp;<\/p>\n<p class=\"MsoPlainText\">Nach Ansicht des VdK Niedersachsen-Bremen ist zudem eine barrierefreie Krisenkommunikation zwingend erforderlich. \u00abDie Corona-Pandemie, aber auch regionale Naturkatastrophen haben gezeigt, dass Menschen mit Behinderung in Notsituationen weitaus st\u00e4rker gef\u00e4hrdet sind, weil sie etwa Warnhinweise nicht h\u00f6ren k\u00f6nnen beziehungsweise die notwendigen Beratungsangebote nicht kennen oder nicht verstehen\u00bb, erl\u00e4uterte Stubbe.<\/p>\n<p>Kirche-Oldenburg<br \/>\n<a href=\"https:\/\/www.kirche-oldenburg.de\/\/aktuell\/news-niedersachsen\/artikel\/sozialverband-barrierefreiheit-noch-in-weiter-ferne\" target=\"_blank\" rel=\"noopener\">Sozialverband: Barrierefreiheit noch in weiter Ferne<\/a><\/p>\n","protected":false},"excerpt":{"rendered":"<p>Oldenburg (epd). Der Sozialverband VdK Niedersachsen-Bremen beklagt anhaltende Barrieren im \u00f6ffentlichen Nahverkehr. Das Ziel, bis Anfang 2022 eine Barrierefreiheit zu schaffen, sei bei Weitem nicht erreicht, sagte der nieders\u00e4chsische Landesvorsitzende Friedrich Stubbe am Dienstag in Hannover. \u00abDas Verfehlen dieser Vorgabe aus dem Behindertengleichstellungsgesetz wird vonseiten der Politik nur mit einem Schulterzucken abgetan. So ein Verhalten ist ein Schlag ins Gesicht f\u00fcr alle Menschen, die darauf angewiesen sind.\u00bb &nbsp; Neben der Barrierefreiheit im \u00f6ffentlichen Nahverkehr seien auch barrierefreie Wohnungen, Arztpraxen und Einkaufsm\u00f6glichkeiten n\u00f6tig, betone Stubbe. Er kritisierte, dass zum Beispiel die Landesnahverkehrsgesellschaft Niedersachsen bei Modernisierungen in den Z\u00fcgen Rollstuhlpl\u00e4tze einkassiert und&#8230;<\/p>\n","protected":false},"author":7,"featured_media":0,"comment_status":"false","ping_status":"open","sticky":false,"template":"","format":"standard","meta":{"footnotes":""},"categories":[43],"tags":[44],"class_list":["post-22313","post","type-post","status-publish","format-standard","hentry","category-kirche-oldenburg","tag-kirche-oldenburg"],"_links":{"self":[{"href":"https:\/\/christusnews.de\/site\/wp-json\/wp\/v2\/posts\/22313","targetHints":{"allow":["GET"]}}],"collection":[{"href":"https:\/\/christusnews.de\/site\/wp-json\/wp\/v2\/posts"}],"about":[{"href":"https:\/\/christusnews.de\/site\/wp-json\/wp\/v2\/types\/post"}],"author":[{"embeddable":true,"href":"https:\/\/christusnews.de\/site\/wp-json\/wp\/v2\/users\/7"}],"replies":[{"embeddable":true,"href":"https:\/\/christusnews.de\/site\/wp-json\/wp\/v2\/comments?post=22313"}],"version-history":[{"count":1,"href":"https:\/\/christusnews.de\/site\/wp-json\/wp\/v2\/posts\/22313\/revisions"}],"predecessor-version":[{"id":22314,"href":"https:\/\/christusnews.de\/site\/wp-json\/wp\/v2\/posts\/22313\/revisions\/22314"}],"wp:attachment":[{"href":"https:\/\/christusnews.de\/site\/wp-json\/wp\/v2\/media?parent=22313"}],"wp:term":[{"taxonomy":"category","embeddable":true,"href":"https:\/\/christusnews.de\/site\/wp-json\/wp\/v2\/categories?post=22313"},{"taxonomy":"post_tag","embeddable":true,"href":"https:\/\/christusnews.de\/site\/wp-json\/wp\/v2\/tags?post=22313"}],"curies":[{"name":"wp","href":"https:\/\/api.w.org\/{rel}","templated":true}]}}