{"id":22325,"date":"2022-10-06T10:44:00","date_gmt":"2022-10-06T08:44:00","guid":{"rendered":"https:\/\/christusnews.de\/site\/vertreter-aus-religion-und-politik-verurteilen-attacke-auf-synagoge\/"},"modified":"2022-10-07T11:17:23","modified_gmt":"2022-10-07T09:17:23","slug":"vertreter-aus-religion-und-politik-verurteilen-attacke-auf-synagoge","status":"publish","type":"post","link":"https:\/\/christusnews.de\/site\/vertreter-aus-religion-und-politik-verurteilen-attacke-auf-synagoge\/","title":{"rendered":"Vertreter aus Religion und Politik verurteilen Attacke auf Synagoge"},"content":{"rendered":"<p class=\"MsoPlainText\">Hannover\/M\u00fcnchen (epd). Nach der Wurfattacke auf die Synagoge der J\u00fcdischen Gemeinde Hannover w\u00e4hrend eines Gottesdienstes zum h\u00f6chsten Feiertag Jom Kippur haben sich Vertreter aus Judentum, Kirchen und Politik best\u00fcrzt ge\u00e4u\u00dfert und die Tat verurteilt. Der Pr\u00e4sident des Zentralrats der Juden in Deutschland, Josef Schuster, sagte am Donnerstag, die j\u00fcdische Gemeinde in ganz Deutschland sei schockiert \u00fcber den mutma\u00dflichen Anschlag. \u00abEr ist ein weiteres Zeichen f\u00fcr den wieder erstarkten Judenhass in Deutschland in den letzten Monaten und Jahren und damit nicht zusammenhangslos. Ich verurteile ihn aufs Sch\u00e4rfste.\u00bb<\/p>\n<p class=\"MsoPlainText\">&nbsp;<\/p>\n<p class=\"MsoPlainText\">Unbekannte hatten am Mittwochabend gegen 19 Uhr mit einem Stein oder einem anderen harten Gegenstand ein Bleiglasfenster der Synagoge eingeworfen. Dort hielten sich zu diesem Zeitpunkt etwa 150 bis 200 Menschen auf, um den Abschluss des Vers\u00f6hnungsfestes Jom Kippur zu feiern. Verletzt wurde niemand. Die Polizei nahm umgehend die Ermittlungen auf.<\/p>\n<p class=\"MsoPlainText\">&nbsp;<\/p>\n<p class=\"MsoPlainText\">Niedersachsens Justizministerin Barbara Havliza (CDU) sagte, sie sei ersch\u00fcttert. \u00abEs geht hier nicht nur um ein kaputtes Fenster. Es geht hier um einen Eingriff in den sensibelsten Kern der Religionsaus\u00fcbung.\u00bb Der nieders\u00e4chsische Innenminister Boris Pistorius (SPD) betonte, die polizeilichen Ermittlungen liefen. Dabei m\u00fcsse auch best\u00e4tigt werden, ob das Fenster eingeworfen wurde. Jede Form der Gewalt gegen j\u00fcdisches Leben sei ein Anschlag auf die solidarische Gesellschaft in Niedersachsen. \u00abIch verurteile und verabscheue derartige Taten, die ausschlie\u00dflich zum Ziel haben, Menschen zu ver\u00e4ngstigen und einzusch\u00fcchtern, und ihnen sogar Gewalt anzutun.\u00bb<\/p>\n<p class=\"MsoPlainText\">&nbsp;<\/p>\n<p class=\"MsoPlainText\">Die Orthodoxe Rabbinerkonferenz Deutschland erkl\u00e4rte in M\u00fcnchen, es sei \u00abschockierend und traurig zugleich, wie trotz Sicherheitsvorkehrungen immer unverhohlener und hemmungsloser j\u00fcdisches Leben mitten in Deutschland angegriffen wird\u00bb. Die Attacke reihe sich in einen besorgniserregenden Trend ein. Es braue sich ein antisemitischer und antiisraelischer Cocktail zusammen, \u00abgegen den jeder in diesem Land mit Herz und Verstand ank\u00e4mpfen muss, damit j\u00fcdisches Leben und die Religionsfreiheit auch weiterhin eine Zukunft haben\u00bb.<\/p>\n<p class=\"MsoPlainText\">&nbsp;<\/p>\n<p class=\"MsoPlainText\">Der evangelische Landesbischof Ralf Meister aus Hannover betonte:&nbsp;\u00abDass J\u00fcdinnen und Juden in unserer Gesellschaft in der Aus\u00fcbung ihrer religi\u00f6sen Praxis bedroht werden, ist unertr\u00e4glich.\u00bb Er sei zutiefst entsetzt und besch\u00e4mt. Stadtsuperintendent Rainer M\u00fcller-Brandes sagte, die Besch\u00e4digung der Synagoge sei \u00abdumm, verabscheuungsw\u00fcrdig und in keinster Weise hinzunehmen\u00bb.<\/p>\n<p class=\"MsoPlainText\">&nbsp;<\/p>\n<p class=\"MsoPlainText\">Der katholische Hildesheimer Bischof Heiner Wilmer forderte gesellschaftliche Geschlossenheit. \u00abWir stehen klar an der Seite unserer j\u00fcdischen Schwestern und Br\u00fcder. Wer Juden angreift, greift uns auch an.\u00bb Dem schloss sich auch der katholische hannoversche Propst Christian Wirz an.<\/p>\n<p class=\"MsoPlainText\">&nbsp;<\/p>\n<p class=\"MsoPlainText\">Die Fraktionsvorsitzende der Gr\u00fcnen im Landtag Julia Willie Hamburg und der Gr\u00fcnen-Bundestagsabgeordnete Sven-Christian Kindler sagten, ihre Solidarit\u00e4t und ihr Mitgef\u00fchl seien bei der j\u00fcdischen Gemeinde. Der Vorsitzende der CDU-Landtagsfraktion, Dirk Toepffer, sagte, er hoffe, dass die T\u00e4ter schnell gefunden und zur Verantwortung gezogen werden.<\/p>\n<p class=\"MsoPlainText\">&nbsp;<\/p>\n<p class=\"MsoPlainText\">S\u00e4mtliche Vertreter aus Religion und Politik hoben hervor, der Vorfall erinnere auf schockierende Weise an den Anschlag auf die Synagoge in Halle vor drei Jahren, der ebenfalls am Jom Kippur begangen wurde. Damals hatte ein Rechtsextremist versucht, mit Waffengewalt in die Synagoge einzudringen, und erschoss zwei Passanten.<\/p>\n<p class=\"MsoPlainText\">&nbsp;<\/p>\n<p class=\"MsoPlainText\">Bei der Attacke in Hannover hatten die Betenden in der Synagoge einen Schlag an einem Fenster an der Frauenempore geh\u00f6rt. Etwa in dortiger Kopfh\u00f6he sei ein Gegenstand eingeschlagen, sagte der Vorsitzende der Gemeinde und des Landesverbandes der J\u00fcdischen Gemeinden von Niedersachsen, Michael F\u00fcrst, dem Evangelischen Pressedienst (epd). Im Bleiglas klaffe ein Loch in der Gr\u00f6\u00dfe eines DIN A4-Blattes. Der Gegenstand konnte nicht gefunden werden. Vermutlich sei er zur\u00fcck ins Freie geprallt.<\/p>\n<p>Kirche-Oldenburg<br \/>\n<a href=\"https:\/\/www.kirche-oldenburg.de\/\/aktuell\/news-niedersachsen\/artikel\/vertreter-aus-religion-und-politik-verurteilen-attacke-auf-synagoge\" target=\"_blank\" rel=\"noopener\">Vertreter aus Religion und Politik verurteilen Attacke auf Synagoge<\/a><\/p>\n","protected":false},"excerpt":{"rendered":"<p>Hannover\/M\u00fcnchen (epd). Nach der Wurfattacke auf die Synagoge der J\u00fcdischen Gemeinde Hannover w\u00e4hrend eines Gottesdienstes zum h\u00f6chsten Feiertag Jom Kippur haben sich Vertreter aus Judentum, Kirchen und Politik best\u00fcrzt ge\u00e4u\u00dfert und die Tat verurteilt. Der Pr\u00e4sident des Zentralrats der Juden in Deutschland, Josef Schuster, sagte am Donnerstag, die j\u00fcdische Gemeinde in ganz Deutschland sei schockiert \u00fcber den mutma\u00dflichen Anschlag. \u00abEr ist ein weiteres Zeichen f\u00fcr den wieder erstarkten Judenhass in Deutschland in den letzten Monaten und Jahren und damit nicht zusammenhangslos. Ich verurteile ihn aufs Sch\u00e4rfste.\u00bb &nbsp; Unbekannte hatten am Mittwochabend gegen 19 Uhr mit einem Stein oder einem anderen&#8230;<\/p>\n","protected":false},"author":7,"featured_media":0,"comment_status":"false","ping_status":"open","sticky":false,"template":"","format":"standard","meta":{"footnotes":""},"categories":[43],"tags":[44],"class_list":["post-22325","post","type-post","status-publish","format-standard","hentry","category-kirche-oldenburg","tag-kirche-oldenburg"],"_links":{"self":[{"href":"https:\/\/christusnews.de\/site\/wp-json\/wp\/v2\/posts\/22325","targetHints":{"allow":["GET"]}}],"collection":[{"href":"https:\/\/christusnews.de\/site\/wp-json\/wp\/v2\/posts"}],"about":[{"href":"https:\/\/christusnews.de\/site\/wp-json\/wp\/v2\/types\/post"}],"author":[{"embeddable":true,"href":"https:\/\/christusnews.de\/site\/wp-json\/wp\/v2\/users\/7"}],"replies":[{"embeddable":true,"href":"https:\/\/christusnews.de\/site\/wp-json\/wp\/v2\/comments?post=22325"}],"version-history":[{"count":1,"href":"https:\/\/christusnews.de\/site\/wp-json\/wp\/v2\/posts\/22325\/revisions"}],"predecessor-version":[{"id":22326,"href":"https:\/\/christusnews.de\/site\/wp-json\/wp\/v2\/posts\/22325\/revisions\/22326"}],"wp:attachment":[{"href":"https:\/\/christusnews.de\/site\/wp-json\/wp\/v2\/media?parent=22325"}],"wp:term":[{"taxonomy":"category","embeddable":true,"href":"https:\/\/christusnews.de\/site\/wp-json\/wp\/v2\/categories?post=22325"},{"taxonomy":"post_tag","embeddable":true,"href":"https:\/\/christusnews.de\/site\/wp-json\/wp\/v2\/tags?post=22325"}],"curies":[{"name":"wp","href":"https:\/\/api.w.org\/{rel}","templated":true}]}}