{"id":22327,"date":"2022-10-09T08:28:00","date_gmt":"2022-10-09T06:28:00","guid":{"rendered":"https:\/\/christusnews.de\/site\/kirchen-gratulieren-stephan-weil-zum-wahlsieg-in-niedersachsen\/"},"modified":"2022-10-10T11:17:20","modified_gmt":"2022-10-10T09:17:20","slug":"kirchen-gratulieren-stephan-weil-zum-wahlsieg-in-niedersachsen","status":"publish","type":"post","link":"https:\/\/christusnews.de\/site\/kirchen-gratulieren-stephan-weil-zum-wahlsieg-in-niedersachsen\/","title":{"rendered":"Kirchen gratulieren Stephan Weil zum Wahlsieg in Niedersachsen"},"content":{"rendered":"<p class=\"MsoPlainText\">Hannover\/Oldenburg (epd). Die evangelischen Kirchen in Niedersachsen haben dem Gewinner der Landtagswahl in dem Bundesland, Ministerpr\u00e4sident Stephan Weil (SPD), zu seinem Wahlsieg gratuliert. \u00abInsgesamt haben die Menschen in Niedersachsen auch bei dieser Wahl mit sehr gro\u00dfer Mehrheit die demokratische Mitte gest\u00e4rkt, und daf\u00fcr bin ich dankbar\u00bb, sagte der Ratsvorsitzende der Konf\u00f6deration aus f\u00fcnf Landeskirchen, der Oldenburger Bischof Thomas Adomeit, am Sonntagabend.<\/p>\n<p class=\"MsoPlainText\">&nbsp;<\/p>\n<p class=\"MsoPlainText\">\u00abGleichzeitig muss es uns alle beunruhigen, dass die Zahl der Menschen w\u00e4chst, die bewusst nicht w\u00e4hlen oder die ihre Stimmen politischen Kr\u00e4ften geben, die das demokratische und soziale Miteinander der Menschen in Niedersachsen absichtlich untergraben\u00bb, f\u00fcgte er hinzu. \u00abAls nieders\u00e4chsische Kirchen hoffen wir auf eine weiterhin gute Zusammenarbeit auch mit der neuen Landesregierung\u00bb, betonte Adomeit. \u00abMit ihr und den gesellschaftlichen Verb\u00e4nden und Initiativen wollen wir alles daran setzen, die gro\u00dfen Herausforderungen in den n\u00e4chsten Monaten und Jahren zu bew\u00e4ltigen.\u00bb<\/p>\n<p class=\"MsoPlainText\">&nbsp;<\/p>\n<p class=\"MsoPlainText\">Auch der evangelische Landesbischof Ralf Meister aus Hannover gratulierte Stephan Weil, der SPD und den Gr\u00fcnen als Wahlsiegern. Im \u00fcberwiegend fairen und sachlichen Wahlkampf sei deutlich geworden, wie wichtig politisches Reden und Handeln sei, das sich konkret auf die sozialen N\u00f6te und die ungewissen Perspektiven der Menschen beziehe, sagte der Bischof. \u00abDaf\u00fcr bin ich allen demokratischen Parteien dankbar.\u00bb<\/p>\n<p class=\"MsoPlainText\">&nbsp;<\/p>\n<p class=\"MsoPlainText\">Er w\u00fcnsche sich, dass die Kirchen f\u00fcr die k\u00fcnftige Landesregierung wichtige Partner blieben und die Zusammenarbeit weiter gesucht und verst\u00e4rkt werde, betonte Meister. \u00abSie \u00fcbernehmen f\u00fcr die Bew\u00e4ltigung der aktuellen Krisen wichtige Aufgaben.\u00bb Der Zusammenhalt des pluralen Gemeinwesens gelinge nur durch Institutionen und Bewegungen, die konsensorientiert tragf\u00e4hige L\u00f6sungen vor Ort f\u00f6rderten und umsetzten. Zur Konf\u00f6deration evangelischer Kirchen in Niedersachsen geh\u00f6ren die lutherischen Landeskirchen Braunschweig, Hannover, Oldenburg und Schaumburg-Lippe sowie die Evangelisch-reformierte Kirche mit Sitz in Leer.<\/p>\n<p class=\"MsoPlainText\">&nbsp;<\/p>\n<p class=\"MsoPlainText\">Bei der Landtagswahl am Sonntag war die SPD nach den ersten Hochrechnungen trotz Stimmenverlusten mit rund 33 Prozent als st\u00e4rkste Kraft hervorgegangen. Gro\u00dfe Zugewinne erzielten die Gr\u00fcnen, die auf rund 14,5 Prozent kamen. Beide Parteien k\u00f6nnen voraussichtlich die neue Landesregierung bilden. Der bisherige Koalitionspartner CDU verlor Stimmen und wurde mit rund 28 Prozent zweitst\u00e4rkste Partei. Die AfD legte deutlich zu und kam auf 11 bis 12 Prozent. Die FDP musste am Abend um den Einzug in den Landtag bangen.<\/p>\n<p>Kirche-Oldenburg<br \/>\n<a href=\"https:\/\/www.kirche-oldenburg.de\/\/aktuell\/news-niedersachsen\/artikel\/kirchen-gratulieren-stephan-weil-zum-wahlsieg-in-niedersachsen\" target=\"_blank\" rel=\"noopener\">Kirchen gratulieren Stephan Weil zum Wahlsieg in Niedersachsen<\/a><\/p>\n","protected":false},"excerpt":{"rendered":"<p>Hannover\/Oldenburg (epd). Die evangelischen Kirchen in Niedersachsen haben dem Gewinner der Landtagswahl in dem Bundesland, Ministerpr\u00e4sident Stephan Weil (SPD), zu seinem Wahlsieg gratuliert. \u00abInsgesamt haben die Menschen in Niedersachsen auch bei dieser Wahl mit sehr gro\u00dfer Mehrheit die demokratische Mitte gest\u00e4rkt, und daf\u00fcr bin ich dankbar\u00bb, sagte der Ratsvorsitzende der Konf\u00f6deration aus f\u00fcnf Landeskirchen, der Oldenburger Bischof Thomas Adomeit, am Sonntagabend. &nbsp; \u00abGleichzeitig muss es uns alle beunruhigen, dass die Zahl der Menschen w\u00e4chst, die bewusst nicht w\u00e4hlen oder die ihre Stimmen politischen Kr\u00e4ften geben, die das demokratische und soziale Miteinander der Menschen in Niedersachsen absichtlich untergraben\u00bb, f\u00fcgte er hinzu&#8230;.<\/p>\n","protected":false},"author":7,"featured_media":0,"comment_status":"false","ping_status":"open","sticky":false,"template":"","format":"standard","meta":{"footnotes":""},"categories":[43],"tags":[44],"class_list":["post-22327","post","type-post","status-publish","format-standard","hentry","category-kirche-oldenburg","tag-kirche-oldenburg"],"_links":{"self":[{"href":"https:\/\/christusnews.de\/site\/wp-json\/wp\/v2\/posts\/22327","targetHints":{"allow":["GET"]}}],"collection":[{"href":"https:\/\/christusnews.de\/site\/wp-json\/wp\/v2\/posts"}],"about":[{"href":"https:\/\/christusnews.de\/site\/wp-json\/wp\/v2\/types\/post"}],"author":[{"embeddable":true,"href":"https:\/\/christusnews.de\/site\/wp-json\/wp\/v2\/users\/7"}],"replies":[{"embeddable":true,"href":"https:\/\/christusnews.de\/site\/wp-json\/wp\/v2\/comments?post=22327"}],"version-history":[{"count":1,"href":"https:\/\/christusnews.de\/site\/wp-json\/wp\/v2\/posts\/22327\/revisions"}],"predecessor-version":[{"id":22328,"href":"https:\/\/christusnews.de\/site\/wp-json\/wp\/v2\/posts\/22327\/revisions\/22328"}],"wp:attachment":[{"href":"https:\/\/christusnews.de\/site\/wp-json\/wp\/v2\/media?parent=22327"}],"wp:term":[{"taxonomy":"category","embeddable":true,"href":"https:\/\/christusnews.de\/site\/wp-json\/wp\/v2\/categories?post=22327"},{"taxonomy":"post_tag","embeddable":true,"href":"https:\/\/christusnews.de\/site\/wp-json\/wp\/v2\/tags?post=22327"}],"curies":[{"name":"wp","href":"https:\/\/api.w.org\/{rel}","templated":true}]}}