{"id":22329,"date":"2022-10-08T08:31:00","date_gmt":"2022-10-08T06:31:00","guid":{"rendered":"https:\/\/christusnews.de\/site\/diakonie-praesident-fordert-entlastung-durch-energiepreisdeckel\/"},"modified":"2022-10-10T11:17:20","modified_gmt":"2022-10-10T09:17:20","slug":"diakonie-praesident-fordert-entlastung-durch-energiepreisdeckel","status":"publish","type":"post","link":"https:\/\/christusnews.de\/site\/diakonie-praesident-fordert-entlastung-durch-energiepreisdeckel\/","title":{"rendered":"Diakonie-Pr\u00e4sident fordert Entlastung durch Energiepreisdeckel"},"content":{"rendered":"<p class=\"MsoPlainText\">Hannover\/Berlin (epd). Angesichts der stark steigenden Energiepreise hat der Pr\u00e4sident der Diakonie Deutschland, Ulrich Lilie, vor einer massenhaften Schlie\u00dfung von Hilfs- und Betreuungseinrichtungen sowie Beratungsstellen gewarnt. Zugleich forderte er die Ampel-Koalition zu einer raschen Entlastung auf. \u00abDer sozialen Infrastruktur droht der Zusammenbruch\u00bb, sagte Lilie dem \u00abRedaktionsNetzwerk Deutschland\u00bb (Sonnabend).<\/p>\n<p class=\"MsoPlainText\">&nbsp;<\/p>\n<p class=\"MsoPlainText\">Betroffen seien in der Regel gemeinn\u00fctzige Institutionen wie die Diakonie, die aus rechtlichen Gr\u00fcnden kaum R\u00fccklagen bilden d\u00fcrften und nun nicht w\u00fcssten, wie sie die gestiegenen Strom- und Gaspreise bezahlen sollten. \u00abSie stehen mit dem R\u00fccken zur Wand und k\u00f6nnen nicht noch Monate auf einen Energiepreisdeckel warten\u00bb, mahnte der Diakonie-Pr\u00e4sident. \u00abSollten soziale Einrichtungen schlie\u00dfen m\u00fcssen, leiden darunter die Schw\u00e4chsten der Gesellschaft, die gerade jetzt jede Unterst\u00fctzung brauchen.\u00bb<\/p>\n<p class=\"MsoPlainText\">&nbsp;<\/p>\n<p class=\"MsoPlainText\">Der Chef der evangelischen Wohlfahrtsorganisation forderte die Ampel-Koalition zudem dazu auf, Hilfen f\u00fcr Geringverdiener und Bezieher von Sozialleistungen auf den Herbst vorzuziehen. \u00abDiese Menschen leben oftmals von der Hand in den Mund, weil sie nie die Chance hatten, Verm\u00f6gen aufzubauen\u00bb, sagte er. Sie h\u00e4tten keine M\u00f6glichkeit, die hohen Energie- und Lebensmittelpreise zu kompensieren.<\/p>\n<p class=\"MsoPlainText\">&nbsp;<\/p>\n<p class=\"MsoPlainText\">\u00abAus unseren Schuldnerberatungsstellen kommen dramatische Signale\u00bb, erl\u00e4uterte Lilie: \u00abViele Geringverdiener k\u00f6nnen sich nur noch \u00fcber Wasser halten, weil sie ihre Konten \u00fcberziehen und sich bei Angeh\u00f6rigen oder Freunden Geld borgen.\u00bb Zwar sei es gut und richtig, den Regelsatz beim neuen B\u00fcrgergeld oder das Wohngeld ab Januar zu erh\u00f6hen. \u00abAber das kommt zu sp\u00e4t\u00bb, mahnte der Diakonie-Pr\u00e4sident. Dabei sei etwa zu bedenken, dass es bis zu sechs Monate dauere, bis beantragtes Wohngeld genehmigt und ausgezahlt werde.<\/p>\n<p>Kirche-Oldenburg<br \/>\n<a href=\"https:\/\/www.kirche-oldenburg.de\/\/aktuell\/news-niedersachsen\/artikel\/diakonie-praesident-fordert-entlastung-durch-energiepreisdeckel\" target=\"_blank\" rel=\"noopener\">Diakonie-Pr\u00e4sident fordert Entlastung durch Energiepreisdeckel<\/a><\/p>\n","protected":false},"excerpt":{"rendered":"<p>Hannover\/Berlin (epd). Angesichts der stark steigenden Energiepreise hat der Pr\u00e4sident der Diakonie Deutschland, Ulrich Lilie, vor einer massenhaften Schlie\u00dfung von Hilfs- und Betreuungseinrichtungen sowie Beratungsstellen gewarnt. Zugleich forderte er die Ampel-Koalition zu einer raschen Entlastung auf. \u00abDer sozialen Infrastruktur droht der Zusammenbruch\u00bb, sagte Lilie dem \u00abRedaktionsNetzwerk Deutschland\u00bb (Sonnabend). &nbsp; Betroffen seien in der Regel gemeinn\u00fctzige Institutionen wie die Diakonie, die aus rechtlichen Gr\u00fcnden kaum R\u00fccklagen bilden d\u00fcrften und nun nicht w\u00fcssten, wie sie die gestiegenen Strom- und Gaspreise bezahlen sollten. \u00abSie stehen mit dem R\u00fccken zur Wand und k\u00f6nnen nicht noch Monate auf einen Energiepreisdeckel warten\u00bb, mahnte der Diakonie-Pr\u00e4sident. \u00abSollten&#8230;<\/p>\n","protected":false},"author":7,"featured_media":0,"comment_status":"false","ping_status":"open","sticky":false,"template":"","format":"standard","meta":{"footnotes":""},"categories":[43],"tags":[44],"class_list":["post-22329","post","type-post","status-publish","format-standard","hentry","category-kirche-oldenburg","tag-kirche-oldenburg"],"_links":{"self":[{"href":"https:\/\/christusnews.de\/site\/wp-json\/wp\/v2\/posts\/22329","targetHints":{"allow":["GET"]}}],"collection":[{"href":"https:\/\/christusnews.de\/site\/wp-json\/wp\/v2\/posts"}],"about":[{"href":"https:\/\/christusnews.de\/site\/wp-json\/wp\/v2\/types\/post"}],"author":[{"embeddable":true,"href":"https:\/\/christusnews.de\/site\/wp-json\/wp\/v2\/users\/7"}],"replies":[{"embeddable":true,"href":"https:\/\/christusnews.de\/site\/wp-json\/wp\/v2\/comments?post=22329"}],"version-history":[{"count":1,"href":"https:\/\/christusnews.de\/site\/wp-json\/wp\/v2\/posts\/22329\/revisions"}],"predecessor-version":[{"id":22330,"href":"https:\/\/christusnews.de\/site\/wp-json\/wp\/v2\/posts\/22329\/revisions\/22330"}],"wp:attachment":[{"href":"https:\/\/christusnews.de\/site\/wp-json\/wp\/v2\/media?parent=22329"}],"wp:term":[{"taxonomy":"category","embeddable":true,"href":"https:\/\/christusnews.de\/site\/wp-json\/wp\/v2\/categories?post=22329"},{"taxonomy":"post_tag","embeddable":true,"href":"https:\/\/christusnews.de\/site\/wp-json\/wp\/v2\/tags?post=22329"}],"curies":[{"name":"wp","href":"https:\/\/api.w.org\/{rel}","templated":true}]}}