{"id":22333,"date":"2022-10-10T08:58:55","date_gmt":"2022-10-10T06:58:55","guid":{"rendered":"https:\/\/christusnews.de\/site\/mit-klaengen-in-die-stille-finden-dazu-laedt-die-abendstille-in-dieser-woche-ein-imke-schwarz-ist-mit-ihren-klangschalen-zu-gast-wir-freuen-unsklang-und-stille-einfache-lieder-und-fragen-zum-nac\/"},"modified":"2022-10-10T11:17:23","modified_gmt":"2022-10-10T09:17:23","slug":"mit-klaengen-in-die-stille-finden-dazu-laedt-die-abendstille-in-dieser-woche-ein-imke-schwarz-ist-mit-ihren-klangschalen-zu-gast-wir-freuen-unsklang-und-stille-einfache-lieder-und-fragen-zum-nac","status":"publish","type":"post","link":"https:\/\/christusnews.de\/site\/mit-klaengen-in-die-stille-finden-dazu-laedt-die-abendstille-in-dieser-woche-ein-imke-schwarz-ist-mit-ihren-klangschalen-zu-gast-wir-freuen-unsklang-und-stille-einfache-lieder-und-fragen-zum-nac\/","title":{"rendered":"Mit Kl\u00e4ngen in die Stille finden: Dazu l\u00e4dt die Abendstille in dieser Woche ein. Imke Schwarz ist mit ihren Klangschalen zu Gast. Wir freuen uns!\nKlang und Stille. Einfache Lieder und Fragen zum Nachdenken. Gebet und Kerzenlicht. Das erwartet euch am Mittwoch um 19 Uhr in der Heppenser Kirche. Willkommen zu dieser halben Stunde Innehalten mitten im Alltag. \n\u00dcbrigens: Weil es langsam k\u00e4lter wird, stehen immer warme Decken bereit."},"content":{"rendered":"<p>Mit Kl\u00e4ngen in die Stille finden: Dazu l\u00e4dt die Abendstille in dieser Woche ein. Imke Schwarz ist mit ihren Klangschalen zu Gast. Wir freuen uns!<br \/>\nKlang und Stille. Einfache Lieder und Fragen zum Nachdenken. Gebet und Kerzenlicht. Das erwartet euch am Mittwoch um 19 Uhr in der Heppenser Kirche. Willkommen zu dieser halben Stunde Innehalten mitten im Alltag.<br \/>\n\u00dcbrigens: Weil es langsam k\u00e4lter wird, stehen immer warme Decken bereit.<br \/>\nHAVENKIRCHE@FB<br \/>\n<a href=\"https:\/\/www.facebook.com\/396185572708352\/posts\/407217268271849\" target=\"_blank\" rel=\"noopener\">Mit Kl\u00e4ngen in die Stille finden: Dazu l\u00e4dt die Abendstille in dieser Woche ein. Imke Schwarz ist mit ihren Klangschalen zu Gast. Wir freuen uns!<br \/>\nKlang und Stille. Einfache Lieder und Fragen zum Nachdenken. Gebet und Kerzenlicht. Das erwartet euch am Mittwoch um 19 Uhr in der Heppenser Kirche. Willkommen zu dieser halben Stunde Innehalten mitten im Alltag.<br \/>\n\u00dcbrigens: Weil es langsam k\u00e4lter wird, stehen immer warme Decken bereit.<\/a><\/p>\n","protected":false},"excerpt":{"rendered":"<p>Mit Kl\u00e4ngen in die Stille finden: Dazu l\u00e4dt die Abendstille in dieser Woche ein. Imke Schwarz ist mit ihren Klangschalen zu Gast. Wir freuen uns! Klang und Stille. Einfache Lieder und Fragen zum Nachdenken. Gebet und Kerzenlicht. Das erwartet euch am Mittwoch um 19 Uhr in der Heppenser Kirche. Willkommen zu dieser halben Stunde Innehalten mitten im Alltag. \u00dcbrigens: Weil es langsam k\u00e4lter wird, stehen immer warme Decken bereit. HAVENKIRCHE@FB Mit Kl\u00e4ngen in die Stille finden: Dazu l\u00e4dt die Abendstille in dieser Woche ein. Imke Schwarz ist mit ihren Klangschalen zu Gast. Wir freuen uns! Klang und Stille. Einfache Lieder&#8230;<\/p>\n","protected":false},"author":6,"featured_media":0,"comment_status":"false","ping_status":"open","sticky":false,"template":"","format":"standard","meta":{"footnotes":""},"categories":[75],"tags":[76],"class_list":["post-22333","post","type-post","status-publish","format-standard","hentry","category-havenkirche","tag-havenkirche"],"_links":{"self":[{"href":"https:\/\/christusnews.de\/site\/wp-json\/wp\/v2\/posts\/22333","targetHints":{"allow":["GET"]}}],"collection":[{"href":"https:\/\/christusnews.de\/site\/wp-json\/wp\/v2\/posts"}],"about":[{"href":"https:\/\/christusnews.de\/site\/wp-json\/wp\/v2\/types\/post"}],"author":[{"embeddable":true,"href":"https:\/\/christusnews.de\/site\/wp-json\/wp\/v2\/users\/6"}],"replies":[{"embeddable":true,"href":"https:\/\/christusnews.de\/site\/wp-json\/wp\/v2\/comments?post=22333"}],"version-history":[{"count":1,"href":"https:\/\/christusnews.de\/site\/wp-json\/wp\/v2\/posts\/22333\/revisions"}],"predecessor-version":[{"id":22334,"href":"https:\/\/christusnews.de\/site\/wp-json\/wp\/v2\/posts\/22333\/revisions\/22334"}],"wp:attachment":[{"href":"https:\/\/christusnews.de\/site\/wp-json\/wp\/v2\/media?parent=22333"}],"wp:term":[{"taxonomy":"category","embeddable":true,"href":"https:\/\/christusnews.de\/site\/wp-json\/wp\/v2\/categories?post=22333"},{"taxonomy":"post_tag","embeddable":true,"href":"https:\/\/christusnews.de\/site\/wp-json\/wp\/v2\/tags?post=22333"}],"curies":[{"name":"wp","href":"https:\/\/api.w.org\/{rel}","templated":true}]}}