{"id":22351,"date":"2022-10-11T11:27:27","date_gmt":"2022-10-11T09:27:27","guid":{"rendered":"https:\/\/christusnews.de\/site\/?p=22351"},"modified":"2022-10-11T11:27:28","modified_gmt":"2022-10-11T09:27:28","slug":"oktober","status":"publish","type":"post","link":"https:\/\/christusnews.de\/site\/oktober\/","title":{"rendered":"Oktober"},"content":{"rendered":"\n<p>Es ist Oktober und den w\u00fcnsche ich mir \u201egolden\u201c und noch ein wenig warm, mit dem Rascheln der ersten Bl\u00e4tter unter den F\u00fc\u00dfen beim Spaziergang. Die Farbpalette an Pflanzen und B\u00e4umen von gelb bis rot mit vielen Zwischent\u00f6nen darin, Herbstfarben eben, mag ich besonders. Kastanien sammeln und bunte Bl\u00e4tter, mit Kindern, ein kleines Abenteuer.&nbsp;<\/p>\n\n\n\n<p>Doch dann stehe ich an einem Walnussbaum, unter dem liegen die N\u00fcsse in schwarzer, matschiger Ummantelung, die die Frucht nicht freigeben will. Hier war die Walnussfliege am Werk, seit 2004 bei uns fast \u00fcberall zu finden! Wieder ein Vorgang in der Natur, der die Zerst\u00f6rung deutlich sichtbar macht, die durch den Klimawandel entsteht. Bei einem Besuch bei Freunden sehe ich, dass dort ganze Waldabschnitte verdorrt sind. Ein schlimmer Anblick. Es gibt zahllose Beispiele f\u00fcr die Gefahren durch Klimaver\u00e4nderungen. Diese Probleme scheinen mir schneller voranzuschreiten, als gedacht. Es wird viel dar\u00fcber geredet. In der Kirche ist die \u201eBewahrung der Sch\u00f6pfung\u201c seit Jahrzehnten ein Stichwort! Ich frage mich, wie wir L\u00f6sungen finden sollen? Was kann ich tun, k\u00f6nnen wir tun?&nbsp;&nbsp;Auf jeden Fall nicht wegsehen.&nbsp;&nbsp;&nbsp;&nbsp;<\/p>\n\n\n\n<p><\/p>\n\n\n\n<blockquote class=\"wp-block-quote is-layout-flow wp-block-quote-is-layout-flow\"><p><strong>Christa Bruns<\/strong><br>H<em>\u00f6ren Sie diesen Beitrag bei Radio Jade:<\/em><br><a rel=\"noreferrer noopener\" href=\"http:\/\/www.radio-jade.de\/mediathek\/angedacht\/\" target=\"_blank\"><em>Alle Beitr\u00e4ge im \u00dcberblick | RADIO JADE<\/em><\/a><\/p><\/blockquote>\n","protected":false},"excerpt":{"rendered":"<p>Es ist Oktober und den w\u00fcnsche ich mir \u201egolden\u201c und noch ein wenig warm, mit dem Rascheln der ersten Bl\u00e4tter unter den F\u00fc\u00dfen beim Spaziergang. Die Farbpalette an Pflanzen und B\u00e4umen von gelb bis rot mit vielen Zwischent\u00f6nen darin, Herbstfarben eben, mag ich besonders. Kastanien sammeln und bunte Bl\u00e4tter, mit Kindern, ein kleines Abenteuer.&nbsp; Doch dann stehe ich an einem Walnussbaum, unter dem liegen die N\u00fcsse in schwarzer, matschiger Ummantelung, die die Frucht nicht freigeben will. Hier war die Walnussfliege am Werk, seit 2004 bei uns fast \u00fcberall zu finden! Wieder ein Vorgang in der Natur, der die Zerst\u00f6rung deutlich&#8230;<\/p>\n","protected":false},"author":6,"featured_media":1171,"comment_status":"closed","ping_status":"open","sticky":false,"template":"","format":"standard","meta":{"footnotes":""},"categories":[5],"tags":[],"class_list":["post-22351","post","type-post","status-publish","format-standard","has-post-thumbnail","hentry","category-angedacht"],"_links":{"self":[{"href":"https:\/\/christusnews.de\/site\/wp-json\/wp\/v2\/posts\/22351","targetHints":{"allow":["GET"]}}],"collection":[{"href":"https:\/\/christusnews.de\/site\/wp-json\/wp\/v2\/posts"}],"about":[{"href":"https:\/\/christusnews.de\/site\/wp-json\/wp\/v2\/types\/post"}],"author":[{"embeddable":true,"href":"https:\/\/christusnews.de\/site\/wp-json\/wp\/v2\/users\/6"}],"replies":[{"embeddable":true,"href":"https:\/\/christusnews.de\/site\/wp-json\/wp\/v2\/comments?post=22351"}],"version-history":[{"count":1,"href":"https:\/\/christusnews.de\/site\/wp-json\/wp\/v2\/posts\/22351\/revisions"}],"predecessor-version":[{"id":22352,"href":"https:\/\/christusnews.de\/site\/wp-json\/wp\/v2\/posts\/22351\/revisions\/22352"}],"wp:featuredmedia":[{"embeddable":true,"href":"https:\/\/christusnews.de\/site\/wp-json\/wp\/v2\/media\/1171"}],"wp:attachment":[{"href":"https:\/\/christusnews.de\/site\/wp-json\/wp\/v2\/media?parent=22351"}],"wp:term":[{"taxonomy":"category","embeddable":true,"href":"https:\/\/christusnews.de\/site\/wp-json\/wp\/v2\/categories?post=22351"},{"taxonomy":"post_tag","embeddable":true,"href":"https:\/\/christusnews.de\/site\/wp-json\/wp\/v2\/tags?post=22351"}],"curies":[{"name":"wp","href":"https:\/\/api.w.org\/{rel}","templated":true}]}}