{"id":22380,"date":"2022-10-10T11:54:00","date_gmt":"2022-10-10T09:54:00","guid":{"rendered":"https:\/\/christusnews.de\/site\/gericht-staerkt-rechte-von-rollstuhlfahrern-bei-der-hilfsmittelwahl\/"},"modified":"2022-10-11T23:17:53","modified_gmt":"2022-10-11T21:17:53","slug":"gericht-staerkt-rechte-von-rollstuhlfahrern-bei-der-hilfsmittelwahl","status":"publish","type":"post","link":"https:\/\/christusnews.de\/site\/gericht-staerkt-rechte-von-rollstuhlfahrern-bei-der-hilfsmittelwahl\/","title":{"rendered":"Gericht st\u00e4rkt Rechte von Rollstuhlfahrern bei der Hilfsmittelwahl"},"content":{"rendered":"<p class=\"MsoPlainText\">Celle\/Oldenburg (epd). Das Landessozialgericht Niedersachsen-Bremen st\u00e4rkt das Recht von Behinderten, Hilfsmittel wie Rollst\u00fchle selbst und frei zu w\u00e4hlen. Zum Streit gekommen war es zwischen einem 49-j\u00e4hrigen, querschnittsgel\u00e4hmten Mann und seiner Krankenkasse, wie das Gericht am Montag mitteilte. Er sei bislang mit einem Aktivrollstuhl nebst mechanischem Handbike versorgt gewesen. Wegen nachlassender Kraft und zunehmender Schulterbeschwerden hatte er bei der Kasse ein elektrisch unterst\u00fctztes Zugger\u00e4t beantragt. (AZ: L 16 KR 421\/21)<\/p>\n<p class=\"MsoPlainText\">&nbsp;<\/p>\n<p class=\"MsoPlainText\">Die Kasse lehnte den Antrag den Angaben zufolge als zu teuer ab und bot dem Mann einen Elektrorollstuhl an. Ein elektrisch unterst\u00fctztes Zugger\u00e4t m\u00f6ge zwar w\u00fcnschenswert, hilfreich und sinnvoll sein. Gleichwohl stelle es eine nicht notwendige \u00dcberversorgung dar, wenn eine Basismobilit\u00e4t auch mit einem Hilfsmittel gesichert werden k\u00f6nne, das nur rund die H\u00e4lfte koste, argumentierte die Kasse.<\/p>\n<p class=\"MsoPlainText\">&nbsp;<\/p>\n<p class=\"MsoPlainText\">Der Mann lehnte den Elektrorollstuhl ab. Eine rein passive Fortbewegung sei f\u00fcr ihn keine ad\u00e4quate Alternative, da selbst der Medizinische Dienst einen Elektrorollstuhl in seinem Falle als \u00abZumutung\u00bb bewertet habe.<\/p>\n<p class=\"MsoPlainText\">&nbsp;<\/p>\n<p class=\"MsoPlainText\">Anders als das Sozialgericht Oldenburg in erster Instanz verurteilte das Landessozialgericht die Kasse nun zur Kosten\u00fcbernahme. Ein querschnittsgel\u00e4hmter Versicherter k\u00f6nne nicht gegen seinen Willen auf einen rein passiven Elektrorollstuhl zur Erschlie\u00dfung des Nahbereichs verwiesen werden, wenn er lediglich eine elektrische Unterst\u00fctzung ben\u00f6tige, begr\u00fcndete die Kammer ihre Entscheidung.<\/p>\n<p class=\"MsoPlainText\">&nbsp;<\/p>\n<p class=\"MsoPlainText\">Dem Wunsch- und Wahlrecht des behinderten Menschen sei volle Wirkung zu verschaffen. Die Leistung m\u00fcsse dem Berechtigten viel Raum zur eigenverantwortlichen Gestaltung der Lebensumst\u00e4nde lassen und die Selbstbestimmung f\u00f6rdern. Im Falle des Kl\u00e4gers widerspr\u00e4che eine nicht gew\u00fcnschte Versorgung mit einem Elektrorollstuhl dem Selbstbestimmungsrecht des Behinderten.<\/p>\n<p class=\"MsoPlainText\">&nbsp;<\/p>\n<p>Kirche-Oldenburg<br \/>\n<a href=\"https:\/\/www.kirche-oldenburg.de\/\/aktuell\/news-niedersachsen\/artikel\/gericht-staerkt-rechte-von-rollstuhlfahrern-bei-der-hilfsmittelwahl\" target=\"_blank\" rel=\"noopener\">Gericht st\u00e4rkt Rechte von Rollstuhlfahrern bei der Hilfsmittelwahl<\/a><\/p>\n","protected":false},"excerpt":{"rendered":"<p>Celle\/Oldenburg (epd). Das Landessozialgericht Niedersachsen-Bremen st\u00e4rkt das Recht von Behinderten, Hilfsmittel wie Rollst\u00fchle selbst und frei zu w\u00e4hlen. Zum Streit gekommen war es zwischen einem 49-j\u00e4hrigen, querschnittsgel\u00e4hmten Mann und seiner Krankenkasse, wie das Gericht am Montag mitteilte. Er sei bislang mit einem Aktivrollstuhl nebst mechanischem Handbike versorgt gewesen. Wegen nachlassender Kraft und zunehmender Schulterbeschwerden hatte er bei der Kasse ein elektrisch unterst\u00fctztes Zugger\u00e4t beantragt. (AZ: L 16 KR 421\/21) &nbsp; Die Kasse lehnte den Antrag den Angaben zufolge als zu teuer ab und bot dem Mann einen Elektrorollstuhl an. Ein elektrisch unterst\u00fctztes Zugger\u00e4t m\u00f6ge zwar w\u00fcnschenswert, hilfreich und sinnvoll sein&#8230;.<\/p>\n","protected":false},"author":7,"featured_media":0,"comment_status":"false","ping_status":"open","sticky":false,"template":"","format":"standard","meta":{"footnotes":""},"categories":[43],"tags":[44],"class_list":["post-22380","post","type-post","status-publish","format-standard","hentry","category-kirche-oldenburg","tag-kirche-oldenburg"],"_links":{"self":[{"href":"https:\/\/christusnews.de\/site\/wp-json\/wp\/v2\/posts\/22380","targetHints":{"allow":["GET"]}}],"collection":[{"href":"https:\/\/christusnews.de\/site\/wp-json\/wp\/v2\/posts"}],"about":[{"href":"https:\/\/christusnews.de\/site\/wp-json\/wp\/v2\/types\/post"}],"author":[{"embeddable":true,"href":"https:\/\/christusnews.de\/site\/wp-json\/wp\/v2\/users\/7"}],"replies":[{"embeddable":true,"href":"https:\/\/christusnews.de\/site\/wp-json\/wp\/v2\/comments?post=22380"}],"version-history":[{"count":1,"href":"https:\/\/christusnews.de\/site\/wp-json\/wp\/v2\/posts\/22380\/revisions"}],"predecessor-version":[{"id":22381,"href":"https:\/\/christusnews.de\/site\/wp-json\/wp\/v2\/posts\/22380\/revisions\/22381"}],"wp:attachment":[{"href":"https:\/\/christusnews.de\/site\/wp-json\/wp\/v2\/media?parent=22380"}],"wp:term":[{"taxonomy":"category","embeddable":true,"href":"https:\/\/christusnews.de\/site\/wp-json\/wp\/v2\/categories?post=22380"},{"taxonomy":"post_tag","embeddable":true,"href":"https:\/\/christusnews.de\/site\/wp-json\/wp\/v2\/tags?post=22380"}],"curies":[{"name":"wp","href":"https:\/\/api.w.org\/{rel}","templated":true}]}}