{"id":22387,"date":"2022-10-17T19:00:00","date_gmt":"2022-10-17T17:00:00","guid":{"rendered":"https:\/\/christusnews.de\/site\/?p=22387"},"modified":"2022-10-12T15:15:37","modified_gmt":"2022-10-12T13:15:37","slug":"abendklang-mit-klaus-wladar","status":"publish","type":"post","link":"https:\/\/christusnews.de\/site\/abendklang-mit-klaus-wladar\/","title":{"rendered":"Abendklang mit Klaus Wladar"},"content":{"rendered":"\n<p><strong>Abendklang mit dem Wiener Gitarristen Klaus Wladar<\/strong><\/p>\n\n\n\n<p>Der n\u00e4chste Abendklang in der Christus- und Garnisonkirche am Sonntag, den 23. Oktober um 18 Uhr wird musikalisch gestaltet von dem Wiener Gitarristen&nbsp;Klaus Wladar.&nbsp;<\/p>\n\n\n\n<p>Unter dem Motto \u201cGuitarra Pura&nbsp;\u201cerwartet die Zuh\u00f6rerinnen und Zuh\u00f6rer an diesem Abend ein virtuoser Klangreigen mit allem, was die klassische Gitarre mit ihrem Zauber zu bieten hat. Spanische Klassiker und leidenschaftliche argentinische Tangos von Astor Piazzolla sind ebenso zu h\u00f6ren wie majest\u00e4tische, barocke Lautenmusik sowie jazzig-rockige St\u00fccke. Dabei vereinen sich virtuose Opernparaphrasen von Mauro Giuliani mit brasilianischen Sambas und Bossas. Dies alles pr\u00e4sentiert Klaus Wladar auf seiner klassischen Gitarre.&nbsp;<\/p>\n\n\n\n<p>Der aus Wien stammende K\u00fcnstler ist mehrfacher Preistr\u00e4ger internationaler Gitarrenwettbewerbe und leitet am Leopold-Mozart-Zentrum der Universit\u00e4t Augsburg eine Gitarrenklasse. Klaus Wladar f\u00fchrt mit interessanten und am\u00fcsanten Anekdoten zur gespielten Musik durch diesen kurzweiligen Abend voller Klangfarben, vielf\u00e4ltiger Rhythmen und spritziger Virtuosit\u00e4t.<\/p>\n\n\n\n<p>Der Abendklang entstand in Pandemie Zeiten. Auch wenn diese Zeiten derzeit weitgehend vorbei sind, ist das Format Abendklang geblieben: Immer wieder sonntags um 18 Uhr. Wort und Musik zum Ausklang des Wochenendes in der Christus- und Garnisonkirche.<\/p>\n\n\n\n<p>Den geistlichen Impuls gestaltet Rainer Claus.&nbsp;<\/p>\n\n\n\n<p><em>Der Einlass in die Kirche ist ab 17.30 Uhr. Der Eintritt ist frei, um eine Kollekte f\u00fcr den K\u00fcnstler wird gebeten. Das Format Abendklang findet etwa alle zwei Wochen statt und dauert jeweils etwa 35 Minuten.&nbsp;<\/em><\/p>\n","protected":false},"excerpt":{"rendered":"<p>Abendklang mit dem Wiener Gitarristen Klaus Wladar Der n\u00e4chste Abendklang in der Christus- und Garnisonkirche am Sonntag, den 23. Oktober um 18 Uhr wird musikalisch gestaltet von dem Wiener Gitarristen&nbsp;Klaus Wladar.&nbsp; Unter dem Motto \u201cGuitarra Pura&nbsp;\u201cerwartet die Zuh\u00f6rerinnen und Zuh\u00f6rer an diesem Abend ein virtuoser Klangreigen mit allem, was die klassische Gitarre mit ihrem Zauber zu bieten hat. Spanische Klassiker und leidenschaftliche argentinische Tangos von Astor Piazzolla sind ebenso zu h\u00f6ren wie majest\u00e4tische, barocke Lautenmusik sowie jazzig-rockige St\u00fccke. Dabei vereinen sich virtuose Opernparaphrasen von Mauro Giuliani mit brasilianischen Sambas und Bossas. Dies alles pr\u00e4sentiert Klaus Wladar auf seiner klassischen Gitarre.&nbsp;&#8230;<\/p>\n","protected":false},"author":4,"featured_media":22390,"comment_status":"closed","ping_status":"open","sticky":false,"template":"","format":"standard","meta":{"footnotes":""},"categories":[1],"tags":[],"class_list":["post-22387","post","type-post","status-publish","format-standard","has-post-thumbnail","hentry","category-gemeinde"],"_links":{"self":[{"href":"https:\/\/christusnews.de\/site\/wp-json\/wp\/v2\/posts\/22387","targetHints":{"allow":["GET"]}}],"collection":[{"href":"https:\/\/christusnews.de\/site\/wp-json\/wp\/v2\/posts"}],"about":[{"href":"https:\/\/christusnews.de\/site\/wp-json\/wp\/v2\/types\/post"}],"author":[{"embeddable":true,"href":"https:\/\/christusnews.de\/site\/wp-json\/wp\/v2\/users\/4"}],"replies":[{"embeddable":true,"href":"https:\/\/christusnews.de\/site\/wp-json\/wp\/v2\/comments?post=22387"}],"version-history":[{"count":2,"href":"https:\/\/christusnews.de\/site\/wp-json\/wp\/v2\/posts\/22387\/revisions"}],"predecessor-version":[{"id":22389,"href":"https:\/\/christusnews.de\/site\/wp-json\/wp\/v2\/posts\/22387\/revisions\/22389"}],"wp:featuredmedia":[{"embeddable":true,"href":"https:\/\/christusnews.de\/site\/wp-json\/wp\/v2\/media\/22390"}],"wp:attachment":[{"href":"https:\/\/christusnews.de\/site\/wp-json\/wp\/v2\/media?parent=22387"}],"wp:term":[{"taxonomy":"category","embeddable":true,"href":"https:\/\/christusnews.de\/site\/wp-json\/wp\/v2\/categories?post=22387"},{"taxonomy":"post_tag","embeddable":true,"href":"https:\/\/christusnews.de\/site\/wp-json\/wp\/v2\/tags?post=22387"}],"curies":[{"name":"wp","href":"https:\/\/api.w.org\/{rel}","templated":true}]}}