{"id":22394,"date":"2022-10-11T16:24:00","date_gmt":"2022-10-11T14:24:00","guid":{"rendered":"https:\/\/christusnews.de\/site\/evangelischer-theologe-joerg-baur-gestorben\/"},"modified":"2022-10-12T23:17:44","modified_gmt":"2022-10-12T21:17:44","slug":"evangelischer-theologe-joerg-baur-gestorben","status":"publish","type":"post","link":"https:\/\/christusnews.de\/site\/evangelischer-theologe-joerg-baur-gestorben\/","title":{"rendered":"Evangelischer Theologe J\u00f6rg Baur gestorben"},"content":{"rendered":"<p class=\"MsoPlainText\">Gottingen\/Stade (epd). Der evangelische Theologe J\u00f6rg Baur ist im Alter von 92 Jahren gestorben. Baur war von 1978 bis zu seinem Eintritt in den Ruhestand 1997 Professor f\u00fcr Systematische Theologie an der Universit\u00e4t G\u00f6ttingen, wie die Theologische Fakult\u00e4t der Universit\u00e4t mitteilte. Viele Jahre lang war er auch Universit\u00e4tsprediger.<\/p>\n<p class=\"MsoPlainText\">&nbsp;<\/p>\n<p class=\"MsoPlainText\">In seiner akademischen Arbeit widmete er sich besonders der Erforschung der Lutherischen Orthodoxie. Mit diesem Begriff wird eine besondere Epoche in der evangelischen Theologie zwischen 1570 und&nbsp;1730 bezeichnet, die zahlreiche dogmatische Lehrsysteme in der Nachfolge des Reformators Martin Luther (1483-1546) hervorbrachte.<\/p>\n<p class=\"MsoPlainText\">&nbsp;<\/p>\n<p class=\"MsoPlainText\">Der Stader Regionalbischof Hans Christian Brandy w\u00fcrdigte Baur als pr\u00e4genden Hochschullehrer. Er sei in Gremien der Vereinigten Evangelisch-Lutherischen Kirche Deutschlands (VELKD) aktiv gewesen und habe vielen Studierenden Impulse gegeben.<\/p>\n<p>Kirche-Oldenburg<br \/>\n<a href=\"https:\/\/www.kirche-oldenburg.de\/\/aktuell\/news-niedersachsen\/artikel\/evangelischer-theologe-joerg-baur-gestorben\" target=\"_blank\" rel=\"noopener\">Evangelischer Theologe J\u00f6rg Baur gestorben<\/a><\/p>\n","protected":false},"excerpt":{"rendered":"<p>Gottingen\/Stade (epd). Der evangelische Theologe J\u00f6rg Baur ist im Alter von 92 Jahren gestorben. Baur war von 1978 bis zu seinem Eintritt in den Ruhestand 1997 Professor f\u00fcr Systematische Theologie an der Universit\u00e4t G\u00f6ttingen, wie die Theologische Fakult\u00e4t der Universit\u00e4t mitteilte. Viele Jahre lang war er auch Universit\u00e4tsprediger. &nbsp; In seiner akademischen Arbeit widmete er sich besonders der Erforschung der Lutherischen Orthodoxie. Mit diesem Begriff wird eine besondere Epoche in der evangelischen Theologie zwischen 1570 und&nbsp;1730 bezeichnet, die zahlreiche dogmatische Lehrsysteme in der Nachfolge des Reformators Martin Luther (1483-1546) hervorbrachte. &nbsp; Der Stader Regionalbischof Hans Christian Brandy w\u00fcrdigte Baur als&#8230;<\/p>\n","protected":false},"author":7,"featured_media":0,"comment_status":"false","ping_status":"open","sticky":false,"template":"","format":"standard","meta":{"footnotes":""},"categories":[43],"tags":[44],"class_list":["post-22394","post","type-post","status-publish","format-standard","hentry","category-kirche-oldenburg","tag-kirche-oldenburg"],"_links":{"self":[{"href":"https:\/\/christusnews.de\/site\/wp-json\/wp\/v2\/posts\/22394","targetHints":{"allow":["GET"]}}],"collection":[{"href":"https:\/\/christusnews.de\/site\/wp-json\/wp\/v2\/posts"}],"about":[{"href":"https:\/\/christusnews.de\/site\/wp-json\/wp\/v2\/types\/post"}],"author":[{"embeddable":true,"href":"https:\/\/christusnews.de\/site\/wp-json\/wp\/v2\/users\/7"}],"replies":[{"embeddable":true,"href":"https:\/\/christusnews.de\/site\/wp-json\/wp\/v2\/comments?post=22394"}],"version-history":[{"count":1,"href":"https:\/\/christusnews.de\/site\/wp-json\/wp\/v2\/posts\/22394\/revisions"}],"predecessor-version":[{"id":22395,"href":"https:\/\/christusnews.de\/site\/wp-json\/wp\/v2\/posts\/22394\/revisions\/22395"}],"wp:attachment":[{"href":"https:\/\/christusnews.de\/site\/wp-json\/wp\/v2\/media?parent=22394"}],"wp:term":[{"taxonomy":"category","embeddable":true,"href":"https:\/\/christusnews.de\/site\/wp-json\/wp\/v2\/categories?post=22394"},{"taxonomy":"post_tag","embeddable":true,"href":"https:\/\/christusnews.de\/site\/wp-json\/wp\/v2\/tags?post=22394"}],"curies":[{"name":"wp","href":"https:\/\/api.w.org\/{rel}","templated":true}]}}